{"id":1232,"date":"2024-05-14T12:00:00","date_gmt":"2024-05-14T09:00:00","guid":{"rendered":"https:\/\/www.turunua.net\/site\/?p=1232"},"modified":"2024-05-29T10:10:11","modified_gmt":"2024-05-29T07:10:11","slug":"suvannon-kesakauden-avaus-paattyi-kalkkiviivoille","status":"publish","type":"post","link":"https:\/\/www.turunua.net\/site\/suvannon-kesakauden-avaus-paattyi-kalkkiviivoille\/","title":{"rendered":"Suvannon kes\u00e4kauden avaus p\u00e4\u00e4ttyi kalkkiviivoille"},"content":{"rendered":"\n<figure class=\"wp-block-image size-large\"><img loading=\"lazy\" decoding=\"async\" width=\"1024\" height=\"676\" src=\"https:\/\/www.turunua.net\/site\/wp-content\/uploads\/2024\/05\/Miko-Suvanto-112_kuva-Marko-Kyostila-1024x676.jpg\" alt=\"\" class=\"wp-image-1233\" srcset=\"https:\/\/www.turunua.net\/site\/wp-content\/uploads\/2024\/05\/Miko-Suvanto-112_kuva-Marko-Kyostila-1024x676.jpg 1024w, https:\/\/www.turunua.net\/site\/wp-content\/uploads\/2024\/05\/Miko-Suvanto-112_kuva-Marko-Kyostila-300x198.jpg 300w, https:\/\/www.turunua.net\/site\/wp-content\/uploads\/2024\/05\/Miko-Suvanto-112_kuva-Marko-Kyostila-768x507.jpg 768w, https:\/\/www.turunua.net\/site\/wp-content\/uploads\/2024\/05\/Miko-Suvanto-112_kuva-Marko-Kyostila-1536x1014.jpg 1536w, https:\/\/www.turunua.net\/site\/wp-content\/uploads\/2024\/05\/Miko-Suvanto-112_kuva-Marko-Kyostila-2048x1352.jpg 2048w, https:\/\/www.turunua.net\/site\/wp-content\/uploads\/2024\/05\/Miko-Suvanto-112_kuva-Marko-Kyostila-455x300.jpg 455w\" sizes=\"auto, (max-width: 1024px) 100vw, 1024px\" \/><\/figure>\n\n\n\n<p><strong>Miko Suvanto ja VAG Motorsport -tiimi ovat esiintyneet edukseen alkukaudella Nuorten Cupissa. Kev\u00e4ttauolla tiimin Seat Ibiza -kilpuri huollettiin l\u00e4pikotaisin ja pient\u00e4 kehitysty\u00f6t\u00e4kin saatiin aikaiseksi ennen toukokuussa alkanutta kes\u00e4kautta.<\/strong><\/p>\n\n\n\n<p>Nuorten Cupia ajetaan perinteisen F-Cupin rallisarjan ohessa, jonka kes\u00e4kausi k\u00e4ynnistyi viime viikonloppuna Imatran ymp\u00e4rist\u00f6n vaativilla sorateill\u00e4.<\/p>\n\n\n\n<p>Kes\u00e4n avauskisa kulki vauhdillisesti hyvin Miko Suvannon osalta, mutta aivan kilpailun loppumetreill\u00e4 ep\u00e4onni astui peliin mukaan.<\/p>\n\n\n\n<p>\u2013 Ajolinjalla oli sellainen routar\u00f6ykky ja auto kopsahti siihen aika kovaa. Tukivarret v\u00e4\u00e4ntyiv\u00e4t edest\u00e4, eik\u00e4 autolla voinut en\u00e4\u00e4 ajaa. Kisa p\u00e4\u00e4ttyi keskeytykseen, kun matkaa viimeisen EK:n maaliin oli en\u00e4\u00e4 vain 500 metri\u00e4, Suvanto harmitteli.<\/p>\n\n\n\n<p>17-vuotias Turun UA:n kuljettaja keikkui l\u00e4pi kisan nuorten luokan k\u00e4rkikolmikossa, mutta t\u00e4ll\u00e4 kertaa pistesarake ei saanut lis\u00e4\u00e4 t\u00e4ytett\u00e4. Kolmen ajetun osakilpailun j\u00e4lkeen Suvannon sarjasijoitus on kolmas.<\/p>\n\n\n\n<p>\u2013 Ajollisesti olen tyytyv\u00e4inen kaikkiin muihin erikoiskokeisiin, mutta huoltotauon j\u00e4lkeen ajettu nelosp\u00e4tk\u00e4 ei sujunut yht\u00e4 hyvin kuin muut, Miko vertaili.<\/p>\n\n\n\n<p>Seuraavan kerran Miko Suvanto kilpailee l\u00e4hell\u00e4 kotimaisemia, kun toukokuun viimeisen\u00e4 viikonvaihteena (25.5.) ohjelmassa on Mad-Croc L\u00e4nsirannikon Ralli.<\/p>\n\n\n\n<p>Tulevaa SM-rallia Miko Suvanto odottaa innolla, vaikka h\u00e4n ei nuotista ajakaan.<\/p>\n\n\n\n<p>\u2013 Turun ymp\u00e4rist\u00f6n soratiet ovat minulle oikein mieluisat. Viimeksi olen ajanut t\u00e4ss\u00e4 SM-rallissa kaksi vuotta sitten, ja se oli mahtava p\u00e4iv\u00e4, Miko muistelee.<\/p>\n\n\n\n<p>\u2013 Toivotaan taas hyv\u00e4\u00e4 meininki\u00e4, ett\u00e4 tulisi j\u00e4lleen paljon ihmisi\u00e4 katsomaan kisaa. Jos jollekin tulee mieleen jotain kysytt\u00e4v\u00e4\u00e4 rallista, niin tulkaa vaan paikan p\u00e4\u00e4ll\u00e4 rep\u00e4isem\u00e4\u00e4n hihasta!<\/p>\n\n\n\n<p><em>Teksti: Jarno Saari \/ VAG Motorsport<br>Kuva: Marko Ky\u00f6stil\u00e4<\/em><\/p>\n","protected":false},"excerpt":{"rendered":"<p>Miko Suvanto ja VAG Motorsport -tiimi ovat esiintyneet edukseen alkukaudella Nuorten Cupissa. Kev\u00e4ttauolla tiimin Seat Ibiza -kilpuri huollettiin l\u00e4pikotaisin ja pient\u00e4 kehitysty\u00f6t\u00e4kin saatiin aikaiseksi ennen toukokuussa alkanutta kes\u00e4kautta. Nuorten Cupia ajetaan perinteisen F-Cupin rallisarjan ohessa, jonka kes\u00e4kausi k\u00e4ynnistyi viime viikonloppuna &hellip; <a href=\"https:\/\/www.turunua.net\/site\/suvannon-kesakauden-avaus-paattyi-kalkkiviivoille\/\">Lue loppuun <span class=\"meta-nav\">&rarr;<\/span><\/a><\/p>\n","protected":false},"author":2,"featured_media":1233,"comment_status":"closed","ping_status":"open","sticky":false,"template":"","format":"standard","meta":{"footnotes":""},"categories":[13],"tags":[],"class_list":["post-1232","post","type-post","status-publish","format-standard","has-post-thumbnail","hentry","category-uutiset"],"yoast_head":"<!-- This site is optimized with the Yoast SEO plugin v27.5 - https:\/\/yoast.com\/product\/yoast-seo-wordpress\/ -->\n<title>Suvannon kes\u00e4kauden avaus p\u00e4\u00e4ttyi kalkkiviivoille - Turun Urheiluautoilijat ry<\/title>\n<meta name=\"robots\" content=\"index, follow, max-snippet:-1, max-image-preview:large, max-video-preview:-1\" \/>\n<link rel=\"canonical\" href=\"https:\/\/www.turunua.net\/site\/suvannon-kesakauden-avaus-paattyi-kalkkiviivoille\/\" \/>\n<meta property=\"og:locale\" content=\"fi_FI\" \/>\n<meta property=\"og:type\" content=\"article\" \/>\n<meta property=\"og:title\" content=\"Suvannon kes\u00e4kauden avaus p\u00e4\u00e4ttyi kalkkiviivoille - Turun Urheiluautoilijat ry\" \/>\n<meta property=\"og:description\" content=\"Miko Suvanto ja VAG Motorsport -tiimi ovat esiintyneet edukseen alkukaudella Nuorten Cupissa. Kev\u00e4ttauolla tiimin Seat Ibiza -kilpuri huollettiin l\u00e4pikotaisin ja pient\u00e4 kehitysty\u00f6t\u00e4kin saatiin aikaiseksi ennen toukokuussa alkanutta kes\u00e4kautta. Nuorten Cupia ajetaan perinteisen F-Cupin rallisarjan ohessa, jonka kes\u00e4kausi k\u00e4ynnistyi viime viikonloppuna &hellip; Lue loppuun &rarr;\" \/>\n<meta property=\"og:url\" content=\"https:\/\/www.turunua.net\/site\/suvannon-kesakauden-avaus-paattyi-kalkkiviivoille\/\" \/>\n<meta property=\"og:site_name\" content=\"Turun Urheiluautoilijat ry\" \/>\n<meta property=\"article:published_time\" content=\"2024-05-14T09:00:00+00:00\" \/>\n<meta property=\"article:modified_time\" content=\"2024-05-29T07:10:11+00:00\" \/>\n<meta property=\"og:image\" content=\"https:\/\/www.turunua.net\/site\/wp-content\/uploads\/2024\/05\/Miko-Suvanto-112_kuva-Marko-Kyostila.jpg\" \/>\n\t<meta property=\"og:image:width\" content=\"2200\" \/>\n\t<meta property=\"og:image:height\" content=\"1452\" \/>\n\t<meta property=\"og:image:type\" content=\"image\/jpeg\" \/>\n<meta name=\"author\" content=\"Mika Hurula\" \/>\n<meta name=\"twitter:card\" content=\"summary_large_image\" \/>\n<meta name=\"twitter:label1\" content=\"Kirjoittanut\" \/>\n\t<meta name=\"twitter:data1\" content=\"Mika Hurula\" \/>\n\t<meta name=\"twitter:label2\" content=\"Arvioitu lukuaika\" \/>\n\t<meta name=\"twitter:data2\" content=\"2 minuuttia\" \/>\n<script type=\"application\/ld+json\" class=\"yoast-schema-graph\">{\"@context\":\"https:\\\/\\\/schema.org\",\"@graph\":[{\"@type\":\"Article\",\"@id\":\"https:\\\/\\\/www.turunua.net\\\/site\\\/suvannon-kesakauden-avaus-paattyi-kalkkiviivoille\\\/#article\",\"isPartOf\":{\"@id\":\"https:\\\/\\\/www.turunua.net\\\/site\\\/suvannon-kesakauden-avaus-paattyi-kalkkiviivoille\\\/\"},\"author\":{\"name\":\"Mika Hurula\",\"@id\":\"https:\\\/\\\/www.turunua.net\\\/site\\\/#\\\/schema\\\/person\\\/95f75bf9342ba981328f2188fe81c22c\"},\"headline\":\"Suvannon kes\u00e4kauden avaus p\u00e4\u00e4ttyi kalkkiviivoille\",\"datePublished\":\"2024-05-14T09:00:00+00:00\",\"dateModified\":\"2024-05-29T07:10:11+00:00\",\"mainEntityOfPage\":{\"@id\":\"https:\\\/\\\/www.turunua.net\\\/site\\\/suvannon-kesakauden-avaus-paattyi-kalkkiviivoille\\\/\"},\"wordCount\":263,\"image\":{\"@id\":\"https:\\\/\\\/www.turunua.net\\\/site\\\/suvannon-kesakauden-avaus-paattyi-kalkkiviivoille\\\/#primaryimage\"},\"thumbnailUrl\":\"https:\\\/\\\/www.turunua.net\\\/site\\\/wp-content\\\/uploads\\\/2024\\\/05\\\/Miko-Suvanto-112_kuva-Marko-Kyostila.jpg\",\"articleSection\":[\"Uutiset\"],\"inLanguage\":\"fi\"},{\"@type\":\"WebPage\",\"@id\":\"https:\\\/\\\/www.turunua.net\\\/site\\\/suvannon-kesakauden-avaus-paattyi-kalkkiviivoille\\\/\",\"url\":\"https:\\\/\\\/www.turunua.net\\\/site\\\/suvannon-kesakauden-avaus-paattyi-kalkkiviivoille\\\/\",\"name\":\"Suvannon kes\u00e4kauden avaus p\u00e4\u00e4ttyi kalkkiviivoille - Turun Urheiluautoilijat ry\",\"isPartOf\":{\"@id\":\"https:\\\/\\\/www.turunua.net\\\/site\\\/#website\"},\"primaryImageOfPage\":{\"@id\":\"https:\\\/\\\/www.turunua.net\\\/site\\\/suvannon-kesakauden-avaus-paattyi-kalkkiviivoille\\\/#primaryimage\"},\"image\":{\"@id\":\"https:\\\/\\\/www.turunua.net\\\/site\\\/suvannon-kesakauden-avaus-paattyi-kalkkiviivoille\\\/#primaryimage\"},\"thumbnailUrl\":\"https:\\\/\\\/www.turunua.net\\\/site\\\/wp-content\\\/uploads\\\/2024\\\/05\\\/Miko-Suvanto-112_kuva-Marko-Kyostila.jpg\",\"datePublished\":\"2024-05-14T09:00:00+00:00\",\"dateModified\":\"2024-05-29T07:10:11+00:00\",\"author\":{\"@id\":\"https:\\\/\\\/www.turunua.net\\\/site\\\/#\\\/schema\\\/person\\\/95f75bf9342ba981328f2188fe81c22c\"},\"breadcrumb\":{\"@id\":\"https:\\\/\\\/www.turunua.net\\\/site\\\/suvannon-kesakauden-avaus-paattyi-kalkkiviivoille\\\/#breadcrumb\"},\"inLanguage\":\"fi\",\"potentialAction\":[{\"@type\":\"ReadAction\",\"target\":[\"https:\\\/\\\/www.turunua.net\\\/site\\\/suvannon-kesakauden-avaus-paattyi-kalkkiviivoille\\\/\"]}]},{\"@type\":\"ImageObject\",\"inLanguage\":\"fi\",\"@id\":\"https:\\\/\\\/www.turunua.net\\\/site\\\/suvannon-kesakauden-avaus-paattyi-kalkkiviivoille\\\/#primaryimage\",\"url\":\"https:\\\/\\\/www.turunua.net\\\/site\\\/wp-content\\\/uploads\\\/2024\\\/05\\\/Miko-Suvanto-112_kuva-Marko-Kyostila.jpg\",\"contentUrl\":\"https:\\\/\\\/www.turunua.net\\\/site\\\/wp-content\\\/uploads\\\/2024\\\/05\\\/Miko-Suvanto-112_kuva-Marko-Kyostila.jpg\",\"width\":2200,\"height\":1452},{\"@type\":\"BreadcrumbList\",\"@id\":\"https:\\\/\\\/www.turunua.net\\\/site\\\/suvannon-kesakauden-avaus-paattyi-kalkkiviivoille\\\/#breadcrumb\",\"itemListElement\":[{\"@type\":\"ListItem\",\"position\":1,\"name\":\"Etusivu\",\"item\":\"https:\\\/\\\/www.turunua.net\\\/site\\\/\"},{\"@type\":\"ListItem\",\"position\":2,\"name\":\"Suvannon kes\u00e4kauden avaus p\u00e4\u00e4ttyi kalkkiviivoille\"}]},{\"@type\":\"WebSite\",\"@id\":\"https:\\\/\\\/www.turunua.net\\\/site\\\/#website\",\"url\":\"https:\\\/\\\/www.turunua.net\\\/site\\\/\",\"name\":\"Turun Urheiluautoilijat ry\",\"description\":\"\",\"potentialAction\":[{\"@type\":\"SearchAction\",\"target\":{\"@type\":\"EntryPoint\",\"urlTemplate\":\"https:\\\/\\\/www.turunua.net\\\/site\\\/?s={search_term_string}\"},\"query-input\":{\"@type\":\"PropertyValueSpecification\",\"valueRequired\":true,\"valueName\":\"search_term_string\"}}],\"inLanguage\":\"fi\"},{\"@type\":\"Person\",\"@id\":\"https:\\\/\\\/www.turunua.net\\\/site\\\/#\\\/schema\\\/person\\\/95f75bf9342ba981328f2188fe81c22c\",\"name\":\"Mika Hurula\",\"image\":{\"@type\":\"ImageObject\",\"inLanguage\":\"fi\",\"@id\":\"https:\\\/\\\/secure.gravatar.com\\\/avatar\\\/9e7a859f1e0a66e678f49f741a7dc125c1b0b87cd16cb795f5f94118db7a17a7?s=96&d=mm&r=g\",\"url\":\"https:\\\/\\\/secure.gravatar.com\\\/avatar\\\/9e7a859f1e0a66e678f49f741a7dc125c1b0b87cd16cb795f5f94118db7a17a7?s=96&d=mm&r=g\",\"contentUrl\":\"https:\\\/\\\/secure.gravatar.com\\\/avatar\\\/9e7a859f1e0a66e678f49f741a7dc125c1b0b87cd16cb795f5f94118db7a17a7?s=96&d=mm&r=g\",\"caption\":\"Mika Hurula\"},\"url\":\"https:\\\/\\\/www.turunua.net\\\/site\\\/author\\\/mikah\\\/\"}]}<\/script>\n<!-- \/ Yoast SEO plugin. -->","yoast_head_json":{"title":"Suvannon kes\u00e4kauden avaus p\u00e4\u00e4ttyi kalkkiviivoille - Turun Urheiluautoilijat ry","robots":{"index":"index","follow":"follow","max-snippet":"max-snippet:-1","max-image-preview":"max-image-preview:large","max-video-preview":"max-video-preview:-1"},"canonical":"https:\/\/www.turunua.net\/site\/suvannon-kesakauden-avaus-paattyi-kalkkiviivoille\/","og_locale":"fi_FI","og_type":"article","og_title":"Suvannon kes\u00e4kauden avaus p\u00e4\u00e4ttyi kalkkiviivoille - Turun Urheiluautoilijat ry","og_description":"Miko Suvanto ja VAG Motorsport -tiimi ovat esiintyneet edukseen alkukaudella Nuorten Cupissa. Kev\u00e4ttauolla tiimin Seat Ibiza -kilpuri huollettiin l\u00e4pikotaisin ja pient\u00e4 kehitysty\u00f6t\u00e4kin saatiin aikaiseksi ennen toukokuussa alkanutta kes\u00e4kautta. Nuorten Cupia ajetaan perinteisen F-Cupin rallisarjan ohessa, jonka kes\u00e4kausi k\u00e4ynnistyi viime viikonloppuna &hellip; Lue loppuun &rarr;","og_url":"https:\/\/www.turunua.net\/site\/suvannon-kesakauden-avaus-paattyi-kalkkiviivoille\/","og_site_name":"Turun Urheiluautoilijat ry","article_published_time":"2024-05-14T09:00:00+00:00","article_modified_time":"2024-05-29T07:10:11+00:00","og_image":[{"width":2200,"height":1452,"url":"https:\/\/www.turunua.net\/site\/wp-content\/uploads\/2024\/05\/Miko-Suvanto-112_kuva-Marko-Kyostila.jpg","type":"image\/jpeg"}],"author":"Mika Hurula","twitter_card":"summary_large_image","twitter_misc":{"Kirjoittanut":"Mika Hurula","Arvioitu lukuaika":"2 minuuttia"},"schema":{"@context":"https:\/\/schema.org","@graph":[{"@type":"Article","@id":"https:\/\/www.turunua.net\/site\/suvannon-kesakauden-avaus-paattyi-kalkkiviivoille\/#article","isPartOf":{"@id":"https:\/\/www.turunua.net\/site\/suvannon-kesakauden-avaus-paattyi-kalkkiviivoille\/"},"author":{"name":"Mika Hurula","@id":"https:\/\/www.turunua.net\/site\/#\/schema\/person\/95f75bf9342ba981328f2188fe81c22c"},"headline":"Suvannon kes\u00e4kauden avaus p\u00e4\u00e4ttyi kalkkiviivoille","datePublished":"2024-05-14T09:00:00+00:00","dateModified":"2024-05-29T07:10:11+00:00","mainEntityOfPage":{"@id":"https:\/\/www.turunua.net\/site\/suvannon-kesakauden-avaus-paattyi-kalkkiviivoille\/"},"wordCount":263,"image":{"@id":"https:\/\/www.turunua.net\/site\/suvannon-kesakauden-avaus-paattyi-kalkkiviivoille\/#primaryimage"},"thumbnailUrl":"https:\/\/www.turunua.net\/site\/wp-content\/uploads\/2024\/05\/Miko-Suvanto-112_kuva-Marko-Kyostila.jpg","articleSection":["Uutiset"],"inLanguage":"fi"},{"@type":"WebPage","@id":"https:\/\/www.turunua.net\/site\/suvannon-kesakauden-avaus-paattyi-kalkkiviivoille\/","url":"https:\/\/www.turunua.net\/site\/suvannon-kesakauden-avaus-paattyi-kalkkiviivoille\/","name":"Suvannon kes\u00e4kauden avaus p\u00e4\u00e4ttyi kalkkiviivoille - Turun Urheiluautoilijat ry","isPartOf":{"@id":"https:\/\/www.turunua.net\/site\/#website"},"primaryImageOfPage":{"@id":"https:\/\/www.turunua.net\/site\/suvannon-kesakauden-avaus-paattyi-kalkkiviivoille\/#primaryimage"},"image":{"@id":"https:\/\/www.turunua.net\/site\/suvannon-kesakauden-avaus-paattyi-kalkkiviivoille\/#primaryimage"},"thumbnailUrl":"https:\/\/www.turunua.net\/site\/wp-content\/uploads\/2024\/05\/Miko-Suvanto-112_kuva-Marko-Kyostila.jpg","datePublished":"2024-05-14T09:00:00+00:00","dateModified":"2024-05-29T07:10:11+00:00","author":{"@id":"https:\/\/www.turunua.net\/site\/#\/schema\/person\/95f75bf9342ba981328f2188fe81c22c"},"breadcrumb":{"@id":"https:\/\/www.turunua.net\/site\/suvannon-kesakauden-avaus-paattyi-kalkkiviivoille\/#breadcrumb"},"inLanguage":"fi","potentialAction":[{"@type":"ReadAction","target":["https:\/\/www.turunua.net\/site\/suvannon-kesakauden-avaus-paattyi-kalkkiviivoille\/"]}]},{"@type":"ImageObject","inLanguage":"fi","@id":"https:\/\/www.turunua.net\/site\/suvannon-kesakauden-avaus-paattyi-kalkkiviivoille\/#primaryimage","url":"https:\/\/www.turunua.net\/site\/wp-content\/uploads\/2024\/05\/Miko-Suvanto-112_kuva-Marko-Kyostila.jpg","contentUrl":"https:\/\/www.turunua.net\/site\/wp-content\/uploads\/2024\/05\/Miko-Suvanto-112_kuva-Marko-Kyostila.jpg","width":2200,"height":1452},{"@type":"BreadcrumbList","@id":"https:\/\/www.turunua.net\/site\/suvannon-kesakauden-avaus-paattyi-kalkkiviivoille\/#breadcrumb","itemListElement":[{"@type":"ListItem","position":1,"name":"Etusivu","item":"https:\/\/www.turunua.net\/site\/"},{"@type":"ListItem","position":2,"name":"Suvannon kes\u00e4kauden avaus p\u00e4\u00e4ttyi kalkkiviivoille"}]},{"@type":"WebSite","@id":"https:\/\/www.turunua.net\/site\/#website","url":"https:\/\/www.turunua.net\/site\/","name":"Turun Urheiluautoilijat ry","description":"","potentialAction":[{"@type":"SearchAction","target":{"@type":"EntryPoint","urlTemplate":"https:\/\/www.turunua.net\/site\/?s={search_term_string}"},"query-input":{"@type":"PropertyValueSpecification","valueRequired":true,"valueName":"search_term_string"}}],"inLanguage":"fi"},{"@type":"Person","@id":"https:\/\/www.turunua.net\/site\/#\/schema\/person\/95f75bf9342ba981328f2188fe81c22c","name":"Mika Hurula","image":{"@type":"ImageObject","inLanguage":"fi","@id":"https:\/\/secure.gravatar.com\/avatar\/9e7a859f1e0a66e678f49f741a7dc125c1b0b87cd16cb795f5f94118db7a17a7?s=96&d=mm&r=g","url":"https:\/\/secure.gravatar.com\/avatar\/9e7a859f1e0a66e678f49f741a7dc125c1b0b87cd16cb795f5f94118db7a17a7?s=96&d=mm&r=g","contentUrl":"https:\/\/secure.gravatar.com\/avatar\/9e7a859f1e0a66e678f49f741a7dc125c1b0b87cd16cb795f5f94118db7a17a7?s=96&d=mm&r=g","caption":"Mika Hurula"},"url":"https:\/\/www.turunua.net\/site\/author\/mikah\/"}]}},"_links":{"self":[{"href":"https:\/\/www.turunua.net\/site\/wp-json\/wp\/v2\/posts\/1232","targetHints":{"allow":["GET"]}}],"collection":[{"href":"https:\/\/www.turunua.net\/site\/wp-json\/wp\/v2\/posts"}],"about":[{"href":"https:\/\/www.turunua.net\/site\/wp-json\/wp\/v2\/types\/post"}],"author":[{"embeddable":true,"href":"https:\/\/www.turunua.net\/site\/wp-json\/wp\/v2\/users\/2"}],"replies":[{"embeddable":true,"href":"https:\/\/www.turunua.net\/site\/wp-json\/wp\/v2\/comments?post=1232"}],"version-history":[{"count":1,"href":"https:\/\/www.turunua.net\/site\/wp-json\/wp\/v2\/posts\/1232\/revisions"}],"predecessor-version":[{"id":1234,"href":"https:\/\/www.turunua.net\/site\/wp-json\/wp\/v2\/posts\/1232\/revisions\/1234"}],"wp:featuredmedia":[{"embeddable":true,"href":"https:\/\/www.turunua.net\/site\/wp-json\/wp\/v2\/media\/1233"}],"wp:attachment":[{"href":"https:\/\/www.turunua.net\/site\/wp-json\/wp\/v2\/media?parent=1232"}],"wp:term":[{"taxonomy":"category","embeddable":true,"href":"https:\/\/www.turunua.net\/site\/wp-json\/wp\/v2\/categories?post=1232"},{"taxonomy":"post_tag","embeddable":true,"href":"https:\/\/www.turunua.net\/site\/wp-json\/wp\/v2\/tags?post=1232"}],"curies":[{"name":"wp","href":"https:\/\/api.w.org\/{rel}","templated":true}]}}