{"id":1747,"date":"2025-09-14T22:00:00","date_gmt":"2025-09-14T19:00:00","guid":{"rendered":"https:\/\/www.turunua.net\/site\/?p=1747"},"modified":"2025-09-14T22:29:24","modified_gmt":"2025-09-14T19:29:24","slug":"silantera-racing-teamin-kausi-jatkui-rantarallissa","status":"publish","type":"post","link":"https:\/\/www.turunua.net\/site\/silantera-racing-teamin-kausi-jatkui-rantarallissa\/","title":{"rendered":"Silanter\u00e4 Racing Teamin kausi jatkui Rantarallissa"},"content":{"rendered":"\n<figure class=\"wp-block-image size-full\"><img loading=\"lazy\" decoding=\"async\" width=\"683\" height=\"893\" src=\"https:\/\/www.turunua.net\/site\/wp-content\/uploads\/2025\/09\/KS01.jpg\" alt=\"\" class=\"wp-image-1748\" srcset=\"https:\/\/www.turunua.net\/site\/wp-content\/uploads\/2025\/09\/KS01.jpg 683w, https:\/\/www.turunua.net\/site\/wp-content\/uploads\/2025\/09\/KS01-229x300.jpg 229w\" sizes=\"auto, (max-width: 683px) 100vw, 683px\" \/><\/figure>\n\n\n\n<p><strong>Silanter\u00e4 Racing Teamin (Tero Silanter\u00e4 TUA ja Juha Koskinen TUA) kilpailukausi jatkui 6.9 Rantarallissa.<\/strong> <\/p>\n\n\n\n<p>Rantaralliin l\u00e4hdettiin luottavaisin mielin, sill\u00e4 olihan reitill\u00e4 tuttuja erikoiskokeita kuten EK1 Seijainen ja EK5 kartturi Juhan m\u00f6kkitie. Ralli meid\u00e4n osaltamme p\u00e4\u00e4ttyi kuitenkin jo avaus erikoiskokeen viimeiseen vasuriin. Olimme tehneet astetta liian nopean nuotin tuohon maaliennakko mutkaan. \u201dThe speed was okay, but the corner was too tight.&#8221; Onneksi ulosajossa vain kilpurille tuli vaurioita mutta kuitenkin sen verran, ett\u00e4 loppukauden suunnitelmissa olevat kilpailut j\u00e4\u00e4v\u00e4t nyt valitettavasti ajamatta.<\/p>\n\n\n\n<p>Ulosajosta incar-video YouTube-kanavallamme: <a href=\"https:\/\/www.youtube.com\/@rallikarpanen\">rallikarpanen<\/a><\/p>\n\n\n\n<p>Kilpailukalenteri kaudelle 2025:<br>3.5 Rengas Turku Ralli, Suomusj\u00e4rvi -> luokkasijoitus 5 (Nuotti, Ryhm\u00e4 F Enint\u00e4\u00e4n 2550cm3, L\u00e4hti:10)<br>6.9. XLVIII Rantaralli, Myn\u00e4m\u00e4ki -> keskeytys (ulosajo)<br><s>27.9. Munar\u00e4nni-Sprint, Myn\u00e4m\u00e4ki<\/s><br><s>11.10. SM Oili Jalonen Sprint, Laitila<\/s><\/p>\n\n\n\n<p><em><em>Teksti ja kuva: Silanter\u00e4 Racing Team tiedotus<\/em><\/em><\/p>\n","protected":false},"excerpt":{"rendered":"<p>Silanter\u00e4 Racing Teamin (Tero Silanter\u00e4 TUA ja Juha Koskinen TUA) kilpailukausi jatkui 6.9 Rantarallissa. Rantaralliin l\u00e4hdettiin luottavaisin mielin, sill\u00e4 olihan reitill\u00e4 tuttuja erikoiskokeita kuten EK1 Seijainen ja EK5 kartturi Juhan m\u00f6kkitie. Ralli meid\u00e4n osaltamme p\u00e4\u00e4ttyi kuitenkin jo avaus erikoiskokeen viimeiseen &hellip; <a href=\"https:\/\/www.turunua.net\/site\/silantera-racing-teamin-kausi-jatkui-rantarallissa\/\">Lue loppuun <span class=\"meta-nav\">&rarr;<\/span><\/a><\/p>\n","protected":false},"author":2,"featured_media":1748,"comment_status":"closed","ping_status":"open","sticky":false,"template":"","format":"standard","meta":{"footnotes":""},"categories":[6,13],"tags":[],"class_list":["post-1747","post","type-post","status-publish","format-standard","has-post-thumbnail","hentry","category-ralli","category-uutiset"],"yoast_head":"<!-- This site is optimized with the Yoast SEO plugin v27.4 - https:\/\/yoast.com\/product\/yoast-seo-wordpress\/ -->\n<title>Silanter\u00e4 Racing Teamin kausi jatkui Rantarallissa - Turun Urheiluautoilijat ry<\/title>\n<meta name=\"robots\" content=\"index, follow, max-snippet:-1, max-image-preview:large, max-video-preview:-1\" \/>\n<link rel=\"canonical\" href=\"https:\/\/www.turunua.net\/site\/silantera-racing-teamin-kausi-jatkui-rantarallissa\/\" \/>\n<meta property=\"og:locale\" content=\"fi_FI\" \/>\n<meta property=\"og:type\" content=\"article\" \/>\n<meta property=\"og:title\" content=\"Silanter\u00e4 Racing Teamin kausi jatkui Rantarallissa - Turun Urheiluautoilijat ry\" \/>\n<meta property=\"og:description\" content=\"Silanter\u00e4 Racing Teamin (Tero Silanter\u00e4 TUA ja Juha Koskinen TUA) kilpailukausi jatkui 6.9 Rantarallissa. Rantaralliin l\u00e4hdettiin luottavaisin mielin, sill\u00e4 olihan reitill\u00e4 tuttuja erikoiskokeita kuten EK1 Seijainen ja EK5 kartturi Juhan m\u00f6kkitie. Ralli meid\u00e4n osaltamme p\u00e4\u00e4ttyi kuitenkin jo avaus erikoiskokeen viimeiseen &hellip; Lue loppuun &rarr;\" \/>\n<meta property=\"og:url\" content=\"https:\/\/www.turunua.net\/site\/silantera-racing-teamin-kausi-jatkui-rantarallissa\/\" \/>\n<meta property=\"og:site_name\" content=\"Turun Urheiluautoilijat ry\" \/>\n<meta property=\"article:published_time\" content=\"2025-09-14T19:00:00+00:00\" \/>\n<meta property=\"article:modified_time\" content=\"2025-09-14T19:29:24+00:00\" \/>\n<meta property=\"og:image\" content=\"https:\/\/www.turunua.net\/site\/wp-content\/uploads\/2025\/09\/KS01.jpg\" \/>\n\t<meta property=\"og:image:width\" content=\"683\" \/>\n\t<meta property=\"og:image:height\" content=\"893\" \/>\n\t<meta property=\"og:image:type\" content=\"image\/jpeg\" \/>\n<meta name=\"author\" content=\"Mika Hurula\" \/>\n<meta name=\"twitter:card\" content=\"summary_large_image\" \/>\n<meta name=\"twitter:label1\" content=\"Kirjoittanut\" \/>\n\t<meta name=\"twitter:data1\" content=\"Mika Hurula\" \/>\n\t<meta name=\"twitter:label2\" content=\"Arvioitu lukuaika\" \/>\n\t<meta name=\"twitter:data2\" content=\"2 minuuttia\" \/>\n<script type=\"application\/ld+json\" class=\"yoast-schema-graph\">{\"@context\":\"https:\\\/\\\/schema.org\",\"@graph\":[{\"@type\":\"Article\",\"@id\":\"https:\\\/\\\/www.turunua.net\\\/site\\\/silantera-racing-teamin-kausi-jatkui-rantarallissa\\\/#article\",\"isPartOf\":{\"@id\":\"https:\\\/\\\/www.turunua.net\\\/site\\\/silantera-racing-teamin-kausi-jatkui-rantarallissa\\\/\"},\"author\":{\"name\":\"Mika Hurula\",\"@id\":\"https:\\\/\\\/www.turunua.net\\\/site\\\/#\\\/schema\\\/person\\\/95f75bf9342ba981328f2188fe81c22c\"},\"headline\":\"Silanter\u00e4 Racing Teamin kausi jatkui Rantarallissa\",\"datePublished\":\"2025-09-14T19:00:00+00:00\",\"dateModified\":\"2025-09-14T19:29:24+00:00\",\"mainEntityOfPage\":{\"@id\":\"https:\\\/\\\/www.turunua.net\\\/site\\\/silantera-racing-teamin-kausi-jatkui-rantarallissa\\\/\"},\"wordCount\":136,\"image\":{\"@id\":\"https:\\\/\\\/www.turunua.net\\\/site\\\/silantera-racing-teamin-kausi-jatkui-rantarallissa\\\/#primaryimage\"},\"thumbnailUrl\":\"https:\\\/\\\/www.turunua.net\\\/site\\\/wp-content\\\/uploads\\\/2025\\\/09\\\/KS01.jpg\",\"articleSection\":[\"Ralli\",\"Uutiset\"],\"inLanguage\":\"fi\"},{\"@type\":\"WebPage\",\"@id\":\"https:\\\/\\\/www.turunua.net\\\/site\\\/silantera-racing-teamin-kausi-jatkui-rantarallissa\\\/\",\"url\":\"https:\\\/\\\/www.turunua.net\\\/site\\\/silantera-racing-teamin-kausi-jatkui-rantarallissa\\\/\",\"name\":\"Silanter\u00e4 Racing Teamin kausi jatkui Rantarallissa - Turun Urheiluautoilijat ry\",\"isPartOf\":{\"@id\":\"https:\\\/\\\/www.turunua.net\\\/site\\\/#website\"},\"primaryImageOfPage\":{\"@id\":\"https:\\\/\\\/www.turunua.net\\\/site\\\/silantera-racing-teamin-kausi-jatkui-rantarallissa\\\/#primaryimage\"},\"image\":{\"@id\":\"https:\\\/\\\/www.turunua.net\\\/site\\\/silantera-racing-teamin-kausi-jatkui-rantarallissa\\\/#primaryimage\"},\"thumbnailUrl\":\"https:\\\/\\\/www.turunua.net\\\/site\\\/wp-content\\\/uploads\\\/2025\\\/09\\\/KS01.jpg\",\"datePublished\":\"2025-09-14T19:00:00+00:00\",\"dateModified\":\"2025-09-14T19:29:24+00:00\",\"author\":{\"@id\":\"https:\\\/\\\/www.turunua.net\\\/site\\\/#\\\/schema\\\/person\\\/95f75bf9342ba981328f2188fe81c22c\"},\"breadcrumb\":{\"@id\":\"https:\\\/\\\/www.turunua.net\\\/site\\\/silantera-racing-teamin-kausi-jatkui-rantarallissa\\\/#breadcrumb\"},\"inLanguage\":\"fi\",\"potentialAction\":[{\"@type\":\"ReadAction\",\"target\":[\"https:\\\/\\\/www.turunua.net\\\/site\\\/silantera-racing-teamin-kausi-jatkui-rantarallissa\\\/\"]}]},{\"@type\":\"ImageObject\",\"inLanguage\":\"fi\",\"@id\":\"https:\\\/\\\/www.turunua.net\\\/site\\\/silantera-racing-teamin-kausi-jatkui-rantarallissa\\\/#primaryimage\",\"url\":\"https:\\\/\\\/www.turunua.net\\\/site\\\/wp-content\\\/uploads\\\/2025\\\/09\\\/KS01.jpg\",\"contentUrl\":\"https:\\\/\\\/www.turunua.net\\\/site\\\/wp-content\\\/uploads\\\/2025\\\/09\\\/KS01.jpg\",\"width\":683,\"height\":893},{\"@type\":\"BreadcrumbList\",\"@id\":\"https:\\\/\\\/www.turunua.net\\\/site\\\/silantera-racing-teamin-kausi-jatkui-rantarallissa\\\/#breadcrumb\",\"itemListElement\":[{\"@type\":\"ListItem\",\"position\":1,\"name\":\"Etusivu\",\"item\":\"https:\\\/\\\/www.turunua.net\\\/site\\\/\"},{\"@type\":\"ListItem\",\"position\":2,\"name\":\"Silanter\u00e4 Racing Teamin kausi jatkui Rantarallissa\"}]},{\"@type\":\"WebSite\",\"@id\":\"https:\\\/\\\/www.turunua.net\\\/site\\\/#website\",\"url\":\"https:\\\/\\\/www.turunua.net\\\/site\\\/\",\"name\":\"Turun Urheiluautoilijat ry\",\"description\":\"\",\"potentialAction\":[{\"@type\":\"SearchAction\",\"target\":{\"@type\":\"EntryPoint\",\"urlTemplate\":\"https:\\\/\\\/www.turunua.net\\\/site\\\/?s={search_term_string}\"},\"query-input\":{\"@type\":\"PropertyValueSpecification\",\"valueRequired\":true,\"valueName\":\"search_term_string\"}}],\"inLanguage\":\"fi\"},{\"@type\":\"Person\",\"@id\":\"https:\\\/\\\/www.turunua.net\\\/site\\\/#\\\/schema\\\/person\\\/95f75bf9342ba981328f2188fe81c22c\",\"name\":\"Mika Hurula\",\"image\":{\"@type\":\"ImageObject\",\"inLanguage\":\"fi\",\"@id\":\"https:\\\/\\\/secure.gravatar.com\\\/avatar\\\/9e7a859f1e0a66e678f49f741a7dc125c1b0b87cd16cb795f5f94118db7a17a7?s=96&d=mm&r=g\",\"url\":\"https:\\\/\\\/secure.gravatar.com\\\/avatar\\\/9e7a859f1e0a66e678f49f741a7dc125c1b0b87cd16cb795f5f94118db7a17a7?s=96&d=mm&r=g\",\"contentUrl\":\"https:\\\/\\\/secure.gravatar.com\\\/avatar\\\/9e7a859f1e0a66e678f49f741a7dc125c1b0b87cd16cb795f5f94118db7a17a7?s=96&d=mm&r=g\",\"caption\":\"Mika Hurula\"},\"url\":\"https:\\\/\\\/www.turunua.net\\\/site\\\/author\\\/mikah\\\/\"}]}<\/script>\n<!-- \/ Yoast SEO plugin. -->","yoast_head_json":{"title":"Silanter\u00e4 Racing Teamin kausi jatkui Rantarallissa - Turun Urheiluautoilijat ry","robots":{"index":"index","follow":"follow","max-snippet":"max-snippet:-1","max-image-preview":"max-image-preview:large","max-video-preview":"max-video-preview:-1"},"canonical":"https:\/\/www.turunua.net\/site\/silantera-racing-teamin-kausi-jatkui-rantarallissa\/","og_locale":"fi_FI","og_type":"article","og_title":"Silanter\u00e4 Racing Teamin kausi jatkui Rantarallissa - Turun Urheiluautoilijat ry","og_description":"Silanter\u00e4 Racing Teamin (Tero Silanter\u00e4 TUA ja Juha Koskinen TUA) kilpailukausi jatkui 6.9 Rantarallissa. Rantaralliin l\u00e4hdettiin luottavaisin mielin, sill\u00e4 olihan reitill\u00e4 tuttuja erikoiskokeita kuten EK1 Seijainen ja EK5 kartturi Juhan m\u00f6kkitie. Ralli meid\u00e4n osaltamme p\u00e4\u00e4ttyi kuitenkin jo avaus erikoiskokeen viimeiseen &hellip; Lue loppuun &rarr;","og_url":"https:\/\/www.turunua.net\/site\/silantera-racing-teamin-kausi-jatkui-rantarallissa\/","og_site_name":"Turun Urheiluautoilijat ry","article_published_time":"2025-09-14T19:00:00+00:00","article_modified_time":"2025-09-14T19:29:24+00:00","og_image":[{"width":683,"height":893,"url":"https:\/\/www.turunua.net\/site\/wp-content\/uploads\/2025\/09\/KS01.jpg","type":"image\/jpeg"}],"author":"Mika Hurula","twitter_card":"summary_large_image","twitter_misc":{"Kirjoittanut":"Mika Hurula","Arvioitu lukuaika":"2 minuuttia"},"schema":{"@context":"https:\/\/schema.org","@graph":[{"@type":"Article","@id":"https:\/\/www.turunua.net\/site\/silantera-racing-teamin-kausi-jatkui-rantarallissa\/#article","isPartOf":{"@id":"https:\/\/www.turunua.net\/site\/silantera-racing-teamin-kausi-jatkui-rantarallissa\/"},"author":{"name":"Mika Hurula","@id":"https:\/\/www.turunua.net\/site\/#\/schema\/person\/95f75bf9342ba981328f2188fe81c22c"},"headline":"Silanter\u00e4 Racing Teamin kausi jatkui Rantarallissa","datePublished":"2025-09-14T19:00:00+00:00","dateModified":"2025-09-14T19:29:24+00:00","mainEntityOfPage":{"@id":"https:\/\/www.turunua.net\/site\/silantera-racing-teamin-kausi-jatkui-rantarallissa\/"},"wordCount":136,"image":{"@id":"https:\/\/www.turunua.net\/site\/silantera-racing-teamin-kausi-jatkui-rantarallissa\/#primaryimage"},"thumbnailUrl":"https:\/\/www.turunua.net\/site\/wp-content\/uploads\/2025\/09\/KS01.jpg","articleSection":["Ralli","Uutiset"],"inLanguage":"fi"},{"@type":"WebPage","@id":"https:\/\/www.turunua.net\/site\/silantera-racing-teamin-kausi-jatkui-rantarallissa\/","url":"https:\/\/www.turunua.net\/site\/silantera-racing-teamin-kausi-jatkui-rantarallissa\/","name":"Silanter\u00e4 Racing Teamin kausi jatkui Rantarallissa - Turun Urheiluautoilijat ry","isPartOf":{"@id":"https:\/\/www.turunua.net\/site\/#website"},"primaryImageOfPage":{"@id":"https:\/\/www.turunua.net\/site\/silantera-racing-teamin-kausi-jatkui-rantarallissa\/#primaryimage"},"image":{"@id":"https:\/\/www.turunua.net\/site\/silantera-racing-teamin-kausi-jatkui-rantarallissa\/#primaryimage"},"thumbnailUrl":"https:\/\/www.turunua.net\/site\/wp-content\/uploads\/2025\/09\/KS01.jpg","datePublished":"2025-09-14T19:00:00+00:00","dateModified":"2025-09-14T19:29:24+00:00","author":{"@id":"https:\/\/www.turunua.net\/site\/#\/schema\/person\/95f75bf9342ba981328f2188fe81c22c"},"breadcrumb":{"@id":"https:\/\/www.turunua.net\/site\/silantera-racing-teamin-kausi-jatkui-rantarallissa\/#breadcrumb"},"inLanguage":"fi","potentialAction":[{"@type":"ReadAction","target":["https:\/\/www.turunua.net\/site\/silantera-racing-teamin-kausi-jatkui-rantarallissa\/"]}]},{"@type":"ImageObject","inLanguage":"fi","@id":"https:\/\/www.turunua.net\/site\/silantera-racing-teamin-kausi-jatkui-rantarallissa\/#primaryimage","url":"https:\/\/www.turunua.net\/site\/wp-content\/uploads\/2025\/09\/KS01.jpg","contentUrl":"https:\/\/www.turunua.net\/site\/wp-content\/uploads\/2025\/09\/KS01.jpg","width":683,"height":893},{"@type":"BreadcrumbList","@id":"https:\/\/www.turunua.net\/site\/silantera-racing-teamin-kausi-jatkui-rantarallissa\/#breadcrumb","itemListElement":[{"@type":"ListItem","position":1,"name":"Etusivu","item":"https:\/\/www.turunua.net\/site\/"},{"@type":"ListItem","position":2,"name":"Silanter\u00e4 Racing Teamin kausi jatkui Rantarallissa"}]},{"@type":"WebSite","@id":"https:\/\/www.turunua.net\/site\/#website","url":"https:\/\/www.turunua.net\/site\/","name":"Turun Urheiluautoilijat ry","description":"","potentialAction":[{"@type":"SearchAction","target":{"@type":"EntryPoint","urlTemplate":"https:\/\/www.turunua.net\/site\/?s={search_term_string}"},"query-input":{"@type":"PropertyValueSpecification","valueRequired":true,"valueName":"search_term_string"}}],"inLanguage":"fi"},{"@type":"Person","@id":"https:\/\/www.turunua.net\/site\/#\/schema\/person\/95f75bf9342ba981328f2188fe81c22c","name":"Mika Hurula","image":{"@type":"ImageObject","inLanguage":"fi","@id":"https:\/\/secure.gravatar.com\/avatar\/9e7a859f1e0a66e678f49f741a7dc125c1b0b87cd16cb795f5f94118db7a17a7?s=96&d=mm&r=g","url":"https:\/\/secure.gravatar.com\/avatar\/9e7a859f1e0a66e678f49f741a7dc125c1b0b87cd16cb795f5f94118db7a17a7?s=96&d=mm&r=g","contentUrl":"https:\/\/secure.gravatar.com\/avatar\/9e7a859f1e0a66e678f49f741a7dc125c1b0b87cd16cb795f5f94118db7a17a7?s=96&d=mm&r=g","caption":"Mika Hurula"},"url":"https:\/\/www.turunua.net\/site\/author\/mikah\/"}]}},"_links":{"self":[{"href":"https:\/\/www.turunua.net\/site\/wp-json\/wp\/v2\/posts\/1747","targetHints":{"allow":["GET"]}}],"collection":[{"href":"https:\/\/www.turunua.net\/site\/wp-json\/wp\/v2\/posts"}],"about":[{"href":"https:\/\/www.turunua.net\/site\/wp-json\/wp\/v2\/types\/post"}],"author":[{"embeddable":true,"href":"https:\/\/www.turunua.net\/site\/wp-json\/wp\/v2\/users\/2"}],"replies":[{"embeddable":true,"href":"https:\/\/www.turunua.net\/site\/wp-json\/wp\/v2\/comments?post=1747"}],"version-history":[{"count":1,"href":"https:\/\/www.turunua.net\/site\/wp-json\/wp\/v2\/posts\/1747\/revisions"}],"predecessor-version":[{"id":1749,"href":"https:\/\/www.turunua.net\/site\/wp-json\/wp\/v2\/posts\/1747\/revisions\/1749"}],"wp:featuredmedia":[{"embeddable":true,"href":"https:\/\/www.turunua.net\/site\/wp-json\/wp\/v2\/media\/1748"}],"wp:attachment":[{"href":"https:\/\/www.turunua.net\/site\/wp-json\/wp\/v2\/media?parent=1747"}],"wp:term":[{"taxonomy":"category","embeddable":true,"href":"https:\/\/www.turunua.net\/site\/wp-json\/wp\/v2\/categories?post=1747"},{"taxonomy":"post_tag","embeddable":true,"href":"https:\/\/www.turunua.net\/site\/wp-json\/wp\/v2\/tags?post=1747"}],"curies":[{"name":"wp","href":"https:\/\/api.w.org\/{rel}","templated":true}]}}