{"id":1771,"date":"2025-09-24T17:00:00","date_gmt":"2025-09-24T14:00:00","guid":{"rendered":"https:\/\/www.turunua.net\/site\/?p=1771"},"modified":"2025-09-24T17:25:31","modified_gmt":"2025-09-24T14:25:31","slug":"kohti-kauden-huipennusta-hamalainen-suvanto-starttaavat-sm-seinajoki-ralliin","status":"publish","type":"post","link":"https:\/\/www.turunua.net\/site\/kohti-kauden-huipennusta-hamalainen-suvanto-starttaavat-sm-seinajoki-ralliin\/","title":{"rendered":"Kohti kauden huipennusta \u2013 H\u00e4m\u00e4l\u00e4inen &amp; Suvanto starttaavat SM Sein\u00e4joki Ralliin"},"content":{"rendered":"\n<figure class=\"wp-block-gallery has-nested-images columns-default is-cropped wp-block-gallery-1 is-layout-flex wp-block-gallery-is-layout-flex\">\n<figure class=\"wp-block-image size-full\"><img loading=\"lazy\" decoding=\"async\" width=\"1600\" height=\"1066\" data-id=\"1772\" src=\"https:\/\/www.turunua.net\/site\/wp-content\/uploads\/2025\/09\/Kuva-Joonas-Rintamaki.jpeg\" alt=\"\" class=\"wp-image-1772\" srcset=\"https:\/\/www.turunua.net\/site\/wp-content\/uploads\/2025\/09\/Kuva-Joonas-Rintamaki.jpeg 1600w, https:\/\/www.turunua.net\/site\/wp-content\/uploads\/2025\/09\/Kuva-Joonas-Rintamaki-300x200.jpeg 300w, https:\/\/www.turunua.net\/site\/wp-content\/uploads\/2025\/09\/Kuva-Joonas-Rintamaki-1024x682.jpeg 1024w, https:\/\/www.turunua.net\/site\/wp-content\/uploads\/2025\/09\/Kuva-Joonas-Rintamaki-768x512.jpeg 768w, https:\/\/www.turunua.net\/site\/wp-content\/uploads\/2025\/09\/Kuva-Joonas-Rintamaki-1536x1023.jpeg 1536w, https:\/\/www.turunua.net\/site\/wp-content\/uploads\/2025\/09\/Kuva-Joonas-Rintamaki-450x300.jpeg 450w\" sizes=\"auto, (max-width: 1600px) 100vw, 1600px\" \/><\/figure>\n<\/figure>\n\n\n\n<p><strong>Tulevana viikonloppuna Sein\u00e4joen lakeuksilla ajetaan SM Sein\u00e4joki Ralli, joka toimii sek\u00e4 Etel\u00e4-Pohjanmaan Urheiluautoilijat ry:n 60-vuotisjuhlakilpailuna ett\u00e4 Ralli SM -sarjan kauden finaaliosakilpailuna.<\/strong><br><br>Rantarallin onnistuneen suorituksen j\u00e4lkeen Kari H\u00e4m\u00e4l\u00e4inen ja Laura Suvanto n\u00e4hd\u00e4\u00e4n j\u00e4lleen yhdess\u00e4 SM Sein\u00e4joki Rallissa, kalustonaan tuttu Skoda Fabia RS. Ohjelmassa on ennakkotestit keskiviikkona, ja kilpailuviikko jatkuu torstai-iltap\u00e4iv\u00e4n\u00e4 alkavalla nuotituksella, joka jatkuu viel\u00e4 perjantaina.<br><br>Kilpailussa ajetaan yhteens\u00e4 yhdeks\u00e4n erikoiskoetta: kolme perjantaina ja kuusi lauantaina. Kilpailureitin kokonaispituus on noin 379 kilometri\u00e4, joista erikoiskokeita 120 kilometri\u00e4.<br><br>\u2013 Hyvill\u00e4 mietteill\u00e4 l\u00e4hdet\u00e4\u00e4n j\u00e4lleen kohti Sein\u00e4jokea. Rantaralli meni osaltamme hyvin, joten on mukava p\u00e4\u00e4st\u00e4 taas ajamaan kilpaa. Keskiviikon testeiss\u00e4 ajetaan hyv\u00e4t ennakkokilometrit sek\u00e4 testaillaan lis\u00e4valotkin perjantain iltaerikoiskokeita varten, Kari kertoo.<br><br>Kartturi Suvanto odottaa viikonloppua innolla:<br><br>\u2013 En olekaan hetkeen p\u00e4\u00e4ssyt osallistumaan SM-kilpailuihin, joten mukava p\u00e4\u00e4st\u00e4 kaksip\u00e4iv\u00e4iseen ralliin mukaan. Fiilis on oikein odottava ja hyv\u00e4!<br><br>Kilpailun kalustosta ja huollosta vastaa Printsport Oy.<br><br>Karin ja Lauran matkaa voi seurata osoitteesta <a href=\"https:\/\/www.rallism.fi\/\">rallism.fi<\/a>, josta l\u00f6ytyv\u00e4t tulospalvelu, GPS-seuranta ja v\u00e4liajat. Kauden 2025 Ralli SM -sarjan suorat l\u00e4hetykset n\u00e4hd\u00e4\u00e4n <a href=\"https:\/\/www.flyingfinn.tv\/rally\">FlyingFinn.tv<\/a>-palvelussa, ja koostel\u00e4hetykset esitet\u00e4\u00e4n kilpailun j\u00e4lkeisen\u00e4 sunnuntaina Yle TV2 -kanavalla sek\u00e4 <a href=\"https:\/\/areena.yle.fi\/1-4322147?t=jaksot\">Yle Areenassa<\/a>.\u00a0<\/p>\n\n\n\n<p><em>Teksti: Kari H\u00e4m\u00e4l\u00e4isen tiedotus<br>Kuva: Joonas Rintam\u00e4ki \/ Chesthill CO<\/em><\/p>\n","protected":false},"excerpt":{"rendered":"<p>Tulevana viikonloppuna Sein\u00e4joen lakeuksilla ajetaan SM Sein\u00e4joki Ralli, joka toimii sek\u00e4 Etel\u00e4-Pohjanmaan Urheiluautoilijat ry:n 60-vuotisjuhlakilpailuna ett\u00e4 Ralli SM -sarjan kauden finaaliosakilpailuna. Rantarallin onnistuneen suorituksen j\u00e4lkeen Kari H\u00e4m\u00e4l\u00e4inen ja Laura Suvanto n\u00e4hd\u00e4\u00e4n j\u00e4lleen yhdess\u00e4 SM Sein\u00e4joki Rallissa, kalustonaan tuttu Skoda Fabia &hellip; <a href=\"https:\/\/www.turunua.net\/site\/kohti-kauden-huipennusta-hamalainen-suvanto-starttaavat-sm-seinajoki-ralliin\/\">Lue loppuun <span class=\"meta-nav\">&rarr;<\/span><\/a><\/p>\n","protected":false},"author":2,"featured_media":1772,"comment_status":"closed","ping_status":"open","sticky":false,"template":"","format":"standard","meta":{"footnotes":""},"categories":[6,13],"tags":[],"class_list":["post-1771","post","type-post","status-publish","format-standard","has-post-thumbnail","hentry","category-ralli","category-uutiset"],"yoast_head":"<!-- This site is optimized with the Yoast SEO plugin v27.4 - https:\/\/yoast.com\/product\/yoast-seo-wordpress\/ -->\n<title>Kohti kauden huipennusta \u2013 H\u00e4m\u00e4l\u00e4inen &amp; Suvanto starttaavat SM Sein\u00e4joki Ralliin - Turun Urheiluautoilijat ry<\/title>\n<meta name=\"robots\" content=\"index, follow, max-snippet:-1, max-image-preview:large, max-video-preview:-1\" \/>\n<link rel=\"canonical\" href=\"https:\/\/www.turunua.net\/site\/kohti-kauden-huipennusta-hamalainen-suvanto-starttaavat-sm-seinajoki-ralliin\/\" \/>\n<meta property=\"og:locale\" content=\"fi_FI\" \/>\n<meta property=\"og:type\" content=\"article\" \/>\n<meta property=\"og:title\" content=\"Kohti kauden huipennusta \u2013 H\u00e4m\u00e4l\u00e4inen &amp; Suvanto starttaavat SM Sein\u00e4joki Ralliin - Turun Urheiluautoilijat ry\" \/>\n<meta property=\"og:description\" content=\"Tulevana viikonloppuna Sein\u00e4joen lakeuksilla ajetaan SM Sein\u00e4joki Ralli, joka toimii sek\u00e4 Etel\u00e4-Pohjanmaan Urheiluautoilijat ry:n 60-vuotisjuhlakilpailuna ett\u00e4 Ralli SM -sarjan kauden finaaliosakilpailuna. Rantarallin onnistuneen suorituksen j\u00e4lkeen Kari H\u00e4m\u00e4l\u00e4inen ja Laura Suvanto n\u00e4hd\u00e4\u00e4n j\u00e4lleen yhdess\u00e4 SM Sein\u00e4joki Rallissa, kalustonaan tuttu Skoda Fabia &hellip; Lue loppuun &rarr;\" \/>\n<meta property=\"og:url\" content=\"https:\/\/www.turunua.net\/site\/kohti-kauden-huipennusta-hamalainen-suvanto-starttaavat-sm-seinajoki-ralliin\/\" \/>\n<meta property=\"og:site_name\" content=\"Turun Urheiluautoilijat ry\" \/>\n<meta property=\"article:published_time\" content=\"2025-09-24T14:00:00+00:00\" \/>\n<meta property=\"article:modified_time\" content=\"2025-09-24T14:25:31+00:00\" \/>\n<meta property=\"og:image\" content=\"https:\/\/www.turunua.net\/site\/wp-content\/uploads\/2025\/09\/Kuva-Joonas-Rintamaki.jpeg\" \/>\n\t<meta property=\"og:image:width\" content=\"1600\" \/>\n\t<meta property=\"og:image:height\" content=\"1066\" \/>\n\t<meta property=\"og:image:type\" content=\"image\/jpeg\" \/>\n<meta name=\"author\" content=\"Mika Hurula\" \/>\n<meta name=\"twitter:card\" content=\"summary_large_image\" \/>\n<meta name=\"twitter:label1\" content=\"Kirjoittanut\" \/>\n\t<meta name=\"twitter:data1\" content=\"Mika Hurula\" \/>\n\t<meta name=\"twitter:label2\" content=\"Arvioitu lukuaika\" \/>\n\t<meta name=\"twitter:data2\" content=\"2 minuuttia\" \/>\n<script type=\"application\/ld+json\" class=\"yoast-schema-graph\">{\"@context\":\"https:\\\/\\\/schema.org\",\"@graph\":[{\"@type\":\"Article\",\"@id\":\"https:\\\/\\\/www.turunua.net\\\/site\\\/kohti-kauden-huipennusta-hamalainen-suvanto-starttaavat-sm-seinajoki-ralliin\\\/#article\",\"isPartOf\":{\"@id\":\"https:\\\/\\\/www.turunua.net\\\/site\\\/kohti-kauden-huipennusta-hamalainen-suvanto-starttaavat-sm-seinajoki-ralliin\\\/\"},\"author\":{\"name\":\"Mika Hurula\",\"@id\":\"https:\\\/\\\/www.turunua.net\\\/site\\\/#\\\/schema\\\/person\\\/95f75bf9342ba981328f2188fe81c22c\"},\"headline\":\"Kohti kauden huipennusta \u2013 H\u00e4m\u00e4l\u00e4inen &amp; Suvanto starttaavat SM Sein\u00e4joki Ralliin\",\"datePublished\":\"2025-09-24T14:00:00+00:00\",\"dateModified\":\"2025-09-24T14:25:31+00:00\",\"mainEntityOfPage\":{\"@id\":\"https:\\\/\\\/www.turunua.net\\\/site\\\/kohti-kauden-huipennusta-hamalainen-suvanto-starttaavat-sm-seinajoki-ralliin\\\/\"},\"wordCount\":230,\"image\":{\"@id\":\"https:\\\/\\\/www.turunua.net\\\/site\\\/kohti-kauden-huipennusta-hamalainen-suvanto-starttaavat-sm-seinajoki-ralliin\\\/#primaryimage\"},\"thumbnailUrl\":\"https:\\\/\\\/www.turunua.net\\\/site\\\/wp-content\\\/uploads\\\/2025\\\/09\\\/Kuva-Joonas-Rintamaki.jpeg\",\"articleSection\":[\"Ralli\",\"Uutiset\"],\"inLanguage\":\"fi\"},{\"@type\":\"WebPage\",\"@id\":\"https:\\\/\\\/www.turunua.net\\\/site\\\/kohti-kauden-huipennusta-hamalainen-suvanto-starttaavat-sm-seinajoki-ralliin\\\/\",\"url\":\"https:\\\/\\\/www.turunua.net\\\/site\\\/kohti-kauden-huipennusta-hamalainen-suvanto-starttaavat-sm-seinajoki-ralliin\\\/\",\"name\":\"Kohti kauden huipennusta \u2013 H\u00e4m\u00e4l\u00e4inen &amp; Suvanto starttaavat SM Sein\u00e4joki Ralliin - Turun Urheiluautoilijat ry\",\"isPartOf\":{\"@id\":\"https:\\\/\\\/www.turunua.net\\\/site\\\/#website\"},\"primaryImageOfPage\":{\"@id\":\"https:\\\/\\\/www.turunua.net\\\/site\\\/kohti-kauden-huipennusta-hamalainen-suvanto-starttaavat-sm-seinajoki-ralliin\\\/#primaryimage\"},\"image\":{\"@id\":\"https:\\\/\\\/www.turunua.net\\\/site\\\/kohti-kauden-huipennusta-hamalainen-suvanto-starttaavat-sm-seinajoki-ralliin\\\/#primaryimage\"},\"thumbnailUrl\":\"https:\\\/\\\/www.turunua.net\\\/site\\\/wp-content\\\/uploads\\\/2025\\\/09\\\/Kuva-Joonas-Rintamaki.jpeg\",\"datePublished\":\"2025-09-24T14:00:00+00:00\",\"dateModified\":\"2025-09-24T14:25:31+00:00\",\"author\":{\"@id\":\"https:\\\/\\\/www.turunua.net\\\/site\\\/#\\\/schema\\\/person\\\/95f75bf9342ba981328f2188fe81c22c\"},\"breadcrumb\":{\"@id\":\"https:\\\/\\\/www.turunua.net\\\/site\\\/kohti-kauden-huipennusta-hamalainen-suvanto-starttaavat-sm-seinajoki-ralliin\\\/#breadcrumb\"},\"inLanguage\":\"fi\",\"potentialAction\":[{\"@type\":\"ReadAction\",\"target\":[\"https:\\\/\\\/www.turunua.net\\\/site\\\/kohti-kauden-huipennusta-hamalainen-suvanto-starttaavat-sm-seinajoki-ralliin\\\/\"]}]},{\"@type\":\"ImageObject\",\"inLanguage\":\"fi\",\"@id\":\"https:\\\/\\\/www.turunua.net\\\/site\\\/kohti-kauden-huipennusta-hamalainen-suvanto-starttaavat-sm-seinajoki-ralliin\\\/#primaryimage\",\"url\":\"https:\\\/\\\/www.turunua.net\\\/site\\\/wp-content\\\/uploads\\\/2025\\\/09\\\/Kuva-Joonas-Rintamaki.jpeg\",\"contentUrl\":\"https:\\\/\\\/www.turunua.net\\\/site\\\/wp-content\\\/uploads\\\/2025\\\/09\\\/Kuva-Joonas-Rintamaki.jpeg\",\"width\":1600,\"height\":1066},{\"@type\":\"BreadcrumbList\",\"@id\":\"https:\\\/\\\/www.turunua.net\\\/site\\\/kohti-kauden-huipennusta-hamalainen-suvanto-starttaavat-sm-seinajoki-ralliin\\\/#breadcrumb\",\"itemListElement\":[{\"@type\":\"ListItem\",\"position\":1,\"name\":\"Etusivu\",\"item\":\"https:\\\/\\\/www.turunua.net\\\/site\\\/\"},{\"@type\":\"ListItem\",\"position\":2,\"name\":\"Kohti kauden huipennusta \u2013 H\u00e4m\u00e4l\u00e4inen &amp; Suvanto starttaavat SM Sein\u00e4joki Ralliin\"}]},{\"@type\":\"WebSite\",\"@id\":\"https:\\\/\\\/www.turunua.net\\\/site\\\/#website\",\"url\":\"https:\\\/\\\/www.turunua.net\\\/site\\\/\",\"name\":\"Turun Urheiluautoilijat ry\",\"description\":\"\",\"potentialAction\":[{\"@type\":\"SearchAction\",\"target\":{\"@type\":\"EntryPoint\",\"urlTemplate\":\"https:\\\/\\\/www.turunua.net\\\/site\\\/?s={search_term_string}\"},\"query-input\":{\"@type\":\"PropertyValueSpecification\",\"valueRequired\":true,\"valueName\":\"search_term_string\"}}],\"inLanguage\":\"fi\"},{\"@type\":\"Person\",\"@id\":\"https:\\\/\\\/www.turunua.net\\\/site\\\/#\\\/schema\\\/person\\\/95f75bf9342ba981328f2188fe81c22c\",\"name\":\"Mika Hurula\",\"image\":{\"@type\":\"ImageObject\",\"inLanguage\":\"fi\",\"@id\":\"https:\\\/\\\/secure.gravatar.com\\\/avatar\\\/9e7a859f1e0a66e678f49f741a7dc125c1b0b87cd16cb795f5f94118db7a17a7?s=96&d=mm&r=g\",\"url\":\"https:\\\/\\\/secure.gravatar.com\\\/avatar\\\/9e7a859f1e0a66e678f49f741a7dc125c1b0b87cd16cb795f5f94118db7a17a7?s=96&d=mm&r=g\",\"contentUrl\":\"https:\\\/\\\/secure.gravatar.com\\\/avatar\\\/9e7a859f1e0a66e678f49f741a7dc125c1b0b87cd16cb795f5f94118db7a17a7?s=96&d=mm&r=g\",\"caption\":\"Mika Hurula\"},\"url\":\"https:\\\/\\\/www.turunua.net\\\/site\\\/author\\\/mikah\\\/\"}]}<\/script>\n<!-- \/ Yoast SEO plugin. -->","yoast_head_json":{"title":"Kohti kauden huipennusta \u2013 H\u00e4m\u00e4l\u00e4inen &amp; Suvanto starttaavat SM Sein\u00e4joki Ralliin - Turun Urheiluautoilijat ry","robots":{"index":"index","follow":"follow","max-snippet":"max-snippet:-1","max-image-preview":"max-image-preview:large","max-video-preview":"max-video-preview:-1"},"canonical":"https:\/\/www.turunua.net\/site\/kohti-kauden-huipennusta-hamalainen-suvanto-starttaavat-sm-seinajoki-ralliin\/","og_locale":"fi_FI","og_type":"article","og_title":"Kohti kauden huipennusta \u2013 H\u00e4m\u00e4l\u00e4inen &amp; Suvanto starttaavat SM Sein\u00e4joki Ralliin - Turun Urheiluautoilijat ry","og_description":"Tulevana viikonloppuna Sein\u00e4joen lakeuksilla ajetaan SM Sein\u00e4joki Ralli, joka toimii sek\u00e4 Etel\u00e4-Pohjanmaan Urheiluautoilijat ry:n 60-vuotisjuhlakilpailuna ett\u00e4 Ralli SM -sarjan kauden finaaliosakilpailuna. Rantarallin onnistuneen suorituksen j\u00e4lkeen Kari H\u00e4m\u00e4l\u00e4inen ja Laura Suvanto n\u00e4hd\u00e4\u00e4n j\u00e4lleen yhdess\u00e4 SM Sein\u00e4joki Rallissa, kalustonaan tuttu Skoda Fabia &hellip; Lue loppuun &rarr;","og_url":"https:\/\/www.turunua.net\/site\/kohti-kauden-huipennusta-hamalainen-suvanto-starttaavat-sm-seinajoki-ralliin\/","og_site_name":"Turun Urheiluautoilijat ry","article_published_time":"2025-09-24T14:00:00+00:00","article_modified_time":"2025-09-24T14:25:31+00:00","og_image":[{"width":1600,"height":1066,"url":"https:\/\/www.turunua.net\/site\/wp-content\/uploads\/2025\/09\/Kuva-Joonas-Rintamaki.jpeg","type":"image\/jpeg"}],"author":"Mika Hurula","twitter_card":"summary_large_image","twitter_misc":{"Kirjoittanut":"Mika Hurula","Arvioitu lukuaika":"2 minuuttia"},"schema":{"@context":"https:\/\/schema.org","@graph":[{"@type":"Article","@id":"https:\/\/www.turunua.net\/site\/kohti-kauden-huipennusta-hamalainen-suvanto-starttaavat-sm-seinajoki-ralliin\/#article","isPartOf":{"@id":"https:\/\/www.turunua.net\/site\/kohti-kauden-huipennusta-hamalainen-suvanto-starttaavat-sm-seinajoki-ralliin\/"},"author":{"name":"Mika Hurula","@id":"https:\/\/www.turunua.net\/site\/#\/schema\/person\/95f75bf9342ba981328f2188fe81c22c"},"headline":"Kohti kauden huipennusta \u2013 H\u00e4m\u00e4l\u00e4inen &amp; Suvanto starttaavat SM Sein\u00e4joki Ralliin","datePublished":"2025-09-24T14:00:00+00:00","dateModified":"2025-09-24T14:25:31+00:00","mainEntityOfPage":{"@id":"https:\/\/www.turunua.net\/site\/kohti-kauden-huipennusta-hamalainen-suvanto-starttaavat-sm-seinajoki-ralliin\/"},"wordCount":230,"image":{"@id":"https:\/\/www.turunua.net\/site\/kohti-kauden-huipennusta-hamalainen-suvanto-starttaavat-sm-seinajoki-ralliin\/#primaryimage"},"thumbnailUrl":"https:\/\/www.turunua.net\/site\/wp-content\/uploads\/2025\/09\/Kuva-Joonas-Rintamaki.jpeg","articleSection":["Ralli","Uutiset"],"inLanguage":"fi"},{"@type":"WebPage","@id":"https:\/\/www.turunua.net\/site\/kohti-kauden-huipennusta-hamalainen-suvanto-starttaavat-sm-seinajoki-ralliin\/","url":"https:\/\/www.turunua.net\/site\/kohti-kauden-huipennusta-hamalainen-suvanto-starttaavat-sm-seinajoki-ralliin\/","name":"Kohti kauden huipennusta \u2013 H\u00e4m\u00e4l\u00e4inen &amp; Suvanto starttaavat SM Sein\u00e4joki Ralliin - Turun Urheiluautoilijat ry","isPartOf":{"@id":"https:\/\/www.turunua.net\/site\/#website"},"primaryImageOfPage":{"@id":"https:\/\/www.turunua.net\/site\/kohti-kauden-huipennusta-hamalainen-suvanto-starttaavat-sm-seinajoki-ralliin\/#primaryimage"},"image":{"@id":"https:\/\/www.turunua.net\/site\/kohti-kauden-huipennusta-hamalainen-suvanto-starttaavat-sm-seinajoki-ralliin\/#primaryimage"},"thumbnailUrl":"https:\/\/www.turunua.net\/site\/wp-content\/uploads\/2025\/09\/Kuva-Joonas-Rintamaki.jpeg","datePublished":"2025-09-24T14:00:00+00:00","dateModified":"2025-09-24T14:25:31+00:00","author":{"@id":"https:\/\/www.turunua.net\/site\/#\/schema\/person\/95f75bf9342ba981328f2188fe81c22c"},"breadcrumb":{"@id":"https:\/\/www.turunua.net\/site\/kohti-kauden-huipennusta-hamalainen-suvanto-starttaavat-sm-seinajoki-ralliin\/#breadcrumb"},"inLanguage":"fi","potentialAction":[{"@type":"ReadAction","target":["https:\/\/www.turunua.net\/site\/kohti-kauden-huipennusta-hamalainen-suvanto-starttaavat-sm-seinajoki-ralliin\/"]}]},{"@type":"ImageObject","inLanguage":"fi","@id":"https:\/\/www.turunua.net\/site\/kohti-kauden-huipennusta-hamalainen-suvanto-starttaavat-sm-seinajoki-ralliin\/#primaryimage","url":"https:\/\/www.turunua.net\/site\/wp-content\/uploads\/2025\/09\/Kuva-Joonas-Rintamaki.jpeg","contentUrl":"https:\/\/www.turunua.net\/site\/wp-content\/uploads\/2025\/09\/Kuva-Joonas-Rintamaki.jpeg","width":1600,"height":1066},{"@type":"BreadcrumbList","@id":"https:\/\/www.turunua.net\/site\/kohti-kauden-huipennusta-hamalainen-suvanto-starttaavat-sm-seinajoki-ralliin\/#breadcrumb","itemListElement":[{"@type":"ListItem","position":1,"name":"Etusivu","item":"https:\/\/www.turunua.net\/site\/"},{"@type":"ListItem","position":2,"name":"Kohti kauden huipennusta \u2013 H\u00e4m\u00e4l\u00e4inen &amp; Suvanto starttaavat SM Sein\u00e4joki Ralliin"}]},{"@type":"WebSite","@id":"https:\/\/www.turunua.net\/site\/#website","url":"https:\/\/www.turunua.net\/site\/","name":"Turun Urheiluautoilijat ry","description":"","potentialAction":[{"@type":"SearchAction","target":{"@type":"EntryPoint","urlTemplate":"https:\/\/www.turunua.net\/site\/?s={search_term_string}"},"query-input":{"@type":"PropertyValueSpecification","valueRequired":true,"valueName":"search_term_string"}}],"inLanguage":"fi"},{"@type":"Person","@id":"https:\/\/www.turunua.net\/site\/#\/schema\/person\/95f75bf9342ba981328f2188fe81c22c","name":"Mika Hurula","image":{"@type":"ImageObject","inLanguage":"fi","@id":"https:\/\/secure.gravatar.com\/avatar\/9e7a859f1e0a66e678f49f741a7dc125c1b0b87cd16cb795f5f94118db7a17a7?s=96&d=mm&r=g","url":"https:\/\/secure.gravatar.com\/avatar\/9e7a859f1e0a66e678f49f741a7dc125c1b0b87cd16cb795f5f94118db7a17a7?s=96&d=mm&r=g","contentUrl":"https:\/\/secure.gravatar.com\/avatar\/9e7a859f1e0a66e678f49f741a7dc125c1b0b87cd16cb795f5f94118db7a17a7?s=96&d=mm&r=g","caption":"Mika Hurula"},"url":"https:\/\/www.turunua.net\/site\/author\/mikah\/"}]}},"_links":{"self":[{"href":"https:\/\/www.turunua.net\/site\/wp-json\/wp\/v2\/posts\/1771","targetHints":{"allow":["GET"]}}],"collection":[{"href":"https:\/\/www.turunua.net\/site\/wp-json\/wp\/v2\/posts"}],"about":[{"href":"https:\/\/www.turunua.net\/site\/wp-json\/wp\/v2\/types\/post"}],"author":[{"embeddable":true,"href":"https:\/\/www.turunua.net\/site\/wp-json\/wp\/v2\/users\/2"}],"replies":[{"embeddable":true,"href":"https:\/\/www.turunua.net\/site\/wp-json\/wp\/v2\/comments?post=1771"}],"version-history":[{"count":3,"href":"https:\/\/www.turunua.net\/site\/wp-json\/wp\/v2\/posts\/1771\/revisions"}],"predecessor-version":[{"id":1776,"href":"https:\/\/www.turunua.net\/site\/wp-json\/wp\/v2\/posts\/1771\/revisions\/1776"}],"wp:featuredmedia":[{"embeddable":true,"href":"https:\/\/www.turunua.net\/site\/wp-json\/wp\/v2\/media\/1772"}],"wp:attachment":[{"href":"https:\/\/www.turunua.net\/site\/wp-json\/wp\/v2\/media?parent=1771"}],"wp:term":[{"taxonomy":"category","embeddable":true,"href":"https:\/\/www.turunua.net\/site\/wp-json\/wp\/v2\/categories?post=1771"},{"taxonomy":"post_tag","embeddable":true,"href":"https:\/\/www.turunua.net\/site\/wp-json\/wp\/v2\/tags?post=1771"}],"curies":[{"name":"wp","href":"https:\/\/api.w.org\/{rel}","templated":true}]}}