{"id":1851,"date":"2025-10-26T15:15:00","date_gmt":"2025-10-26T13:15:00","guid":{"rendered":"https:\/\/www.turunua.net\/site\/?p=1851"},"modified":"2025-10-26T15:29:57","modified_gmt":"2025-10-26T13:29:57","slug":"toni-vilander-valittu-akk-motorsport-ryn-uudeksi-puheenjohtajaksi","status":"publish","type":"post","link":"https:\/\/www.turunua.net\/site\/toni-vilander-valittu-akk-motorsport-ryn-uudeksi-puheenjohtajaksi\/","title":{"rendered":"Toni Vilander valittu AKK-Motorsport ry:n uudeksi puheenjohtajaksi"},"content":{"rendered":"\n<p>AKK-Motorsport ry:n liittokokous on valinnut&nbsp;<strong>Toni Vilanderin<\/strong>&nbsp;liiton uudeksi puheenjohtajaksi kaudelle 2026\u20132027. Valinta tehtiin sunnuntaina 26.10.2025 Jyv\u00e4skyl\u00e4ss\u00e4 j\u00e4rjestetyss\u00e4 liittokokouksessa.<\/p>\n\n\n\n<p>Vilander tuo teht\u00e4v\u00e4\u00e4n laajan kokemuksen kansainv\u00e4lisest\u00e4 autourheilusta, vahvan lajitaustan ja modernin n\u00e4kemyksen suomalaisen\u00a0autourheilun kehitt\u00e4misest\u00e4. H\u00e4n on kotoisin\u00a0<strong>Kankaanp\u00e4\u00e4st\u00e4<\/strong>, syntynyt vuonna 1980 ja ty\u00f6skentelee t\u00e4ll\u00e4 hetkell\u00e4\u00a0<strong>yritt\u00e4j\u00e4n\u00e4, autourheilijana ja F1 TV-kommentaattorina<\/strong>.<\/p>\n\n\n\n<p>Vilander tunnetaan erityisesti ratakuljettajana: h\u00e4n on kaksinkertainen Le Mans-voittaja, FIA WEC-sarjan maailmanmestari ja pitk\u00e4aikainen Ferrarin tehdaskuljettaja. Kilpailu- ja lajikokemuksensa my\u00f6t\u00e4 Vilanderilla on vahva ymm\u00e4rrys suomalaisen autourheilun eri tasoista \u2013 niin harrastajista kuin kansainv\u00e4lisist\u00e4 huipuistakin.<\/p>\n\n\n\n<p>Puheenjohtajateht\u00e4v\u00e4\u00e4n Vilander l\u00e4hti teemalla&nbsp;<strong>\u201cAutourheilu ensin\u201d<\/strong>. H\u00e4n haluaa kehitt\u00e4\u00e4 liiton johtamismallia ja p\u00e4\u00e4t\u00f6ksentekoa sek\u00e4 vahvistaa harrastamista, seura- ja nuorisotoimintaa.<\/p>\n\n\n\n<div class=\"wp-block-media-text has-media-on-the-right is-stacked-on-mobile\"><div class=\"wp-block-media-text__content\">\n<p>\u2013\u00a0<em>\u201cKoen, ett\u00e4 yksi t\u00e4rkeimmist\u00e4 teht\u00e4vist\u00e4ni on pienent\u00e4\u00e4 AKK:n ja kansallisen lajikent\u00e4n v\u00e4list\u00e4 kuilua. Haluan selkeytt\u00e4\u00e4 p\u00e4\u00e4t\u00f6ksentekoa ja tuoda toimintaan avoimuutta sek\u00e4 yhteisty\u00f6n henke\u00e4. Autourheilu on yhteis\u00f6, jota rakennetaan yhdess\u00e4,\u201d<\/em>\u00a0Vilander sanoo.<\/p>\n<\/div><figure class=\"wp-block-media-text__media\"><img loading=\"lazy\" decoding=\"async\" width=\"250\" height=\"333\" src=\"https:\/\/www.turunua.net\/site\/wp-content\/uploads\/2025\/10\/toni_vilander.jpeg\" alt=\"\" class=\"wp-image-1853 size-full\" srcset=\"https:\/\/www.turunua.net\/site\/wp-content\/uploads\/2025\/10\/toni_vilander.jpeg 250w, https:\/\/www.turunua.net\/site\/wp-content\/uploads\/2025\/10\/toni_vilander-225x300.jpeg 225w\" sizes=\"auto, (max-width: 250px) 100vw, 250px\" \/><\/figure><\/div>\n\n\n\n<p>Vilanderin valinta viestii liiton uudistumishalusta ja halusta vahvistaa yhteytt\u00e4 kent\u00e4n toimijoihin. H\u00e4nen johdollaan AKK tavoittelee entist\u00e4 osallistavampaa, l\u00e4pin\u00e4kyv\u00e4mp\u00e4\u00e4 ja tulevaisuuteen suuntaavaa toimintakulttuuria.<\/p>\n\n\n\n<p>Toni Vilanderin vahva kokemus, kansainv\u00e4linen verkosto ja aito intohimo autourheilua kohtaan tarjoavat erinomaiset l\u00e4ht\u00f6kohdat johtaa liittoa tulevina vuosina.<\/p>\n\n\n\n<p>Uuden puheenjohtajan toimikausi alkaa vuoden 2026 alussa ja kest\u00e4\u00e4 kaksi vuotta<\/p>\n","protected":false},"excerpt":{"rendered":"<p>AKK-Motorsport ry:n liittokokous on valinnut&nbsp;Toni Vilanderin&nbsp;liiton uudeksi puheenjohtajaksi kaudelle 2026\u20132027. Valinta tehtiin sunnuntaina 26.10.2025 Jyv\u00e4skyl\u00e4ss\u00e4 j\u00e4rjestetyss\u00e4 liittokokouksessa. Vilander tuo teht\u00e4v\u00e4\u00e4n laajan kokemuksen kansainv\u00e4lisest\u00e4 autourheilusta, vahvan lajitaustan ja modernin n\u00e4kemyksen suomalaisen\u00a0autourheilun kehitt\u00e4misest\u00e4. H\u00e4n on kotoisin\u00a0Kankaanp\u00e4\u00e4st\u00e4, syntynyt vuonna 1980 ja ty\u00f6skentelee t\u00e4ll\u00e4 &hellip; <a href=\"https:\/\/www.turunua.net\/site\/toni-vilander-valittu-akk-motorsport-ryn-uudeksi-puheenjohtajaksi\/\">Lue loppuun <span class=\"meta-nav\">&rarr;<\/span><\/a><\/p>\n","protected":false},"author":2,"featured_media":1853,"comment_status":"closed","ping_status":"open","sticky":false,"template":"","format":"standard","meta":{"footnotes":""},"categories":[13],"tags":[],"class_list":["post-1851","post","type-post","status-publish","format-standard","has-post-thumbnail","hentry","category-uutiset"],"yoast_head":"<!-- This site is optimized with the Yoast SEO plugin v27.5 - https:\/\/yoast.com\/product\/yoast-seo-wordpress\/ -->\n<title>Toni Vilander valittu AKK-Motorsport ry:n uudeksi puheenjohtajaksi - Turun Urheiluautoilijat ry<\/title>\n<meta name=\"robots\" content=\"index, follow, max-snippet:-1, max-image-preview:large, max-video-preview:-1\" \/>\n<link rel=\"canonical\" href=\"https:\/\/www.turunua.net\/site\/toni-vilander-valittu-akk-motorsport-ryn-uudeksi-puheenjohtajaksi\/\" \/>\n<meta property=\"og:locale\" content=\"fi_FI\" \/>\n<meta property=\"og:type\" content=\"article\" \/>\n<meta property=\"og:title\" content=\"Toni Vilander valittu AKK-Motorsport ry:n uudeksi puheenjohtajaksi - Turun Urheiluautoilijat ry\" \/>\n<meta property=\"og:description\" content=\"AKK-Motorsport ry:n liittokokous on valinnut&nbsp;Toni Vilanderin&nbsp;liiton uudeksi puheenjohtajaksi kaudelle 2026\u20132027. Valinta tehtiin sunnuntaina 26.10.2025 Jyv\u00e4skyl\u00e4ss\u00e4 j\u00e4rjestetyss\u00e4 liittokokouksessa. Vilander tuo teht\u00e4v\u00e4\u00e4n laajan kokemuksen kansainv\u00e4lisest\u00e4 autourheilusta, vahvan lajitaustan ja modernin n\u00e4kemyksen suomalaisen\u00a0autourheilun kehitt\u00e4misest\u00e4. H\u00e4n on kotoisin\u00a0Kankaanp\u00e4\u00e4st\u00e4, syntynyt vuonna 1980 ja ty\u00f6skentelee t\u00e4ll\u00e4 &hellip; Lue loppuun &rarr;\" \/>\n<meta property=\"og:url\" content=\"https:\/\/www.turunua.net\/site\/toni-vilander-valittu-akk-motorsport-ryn-uudeksi-puheenjohtajaksi\/\" \/>\n<meta property=\"og:site_name\" content=\"Turun Urheiluautoilijat ry\" \/>\n<meta property=\"article:published_time\" content=\"2025-10-26T13:15:00+00:00\" \/>\n<meta property=\"article:modified_time\" content=\"2025-10-26T13:29:57+00:00\" \/>\n<meta property=\"og:image\" content=\"https:\/\/www.turunua.net\/site\/wp-content\/uploads\/2025\/10\/toni_vilander.jpeg\" \/>\n\t<meta property=\"og:image:width\" content=\"250\" \/>\n\t<meta property=\"og:image:height\" content=\"333\" \/>\n\t<meta property=\"og:image:type\" content=\"image\/jpeg\" \/>\n<meta name=\"author\" content=\"Mika Hurula\" \/>\n<meta name=\"twitter:card\" content=\"summary_large_image\" \/>\n<meta name=\"twitter:label1\" content=\"Kirjoittanut\" \/>\n\t<meta name=\"twitter:data1\" content=\"Mika Hurula\" \/>\n\t<meta name=\"twitter:label2\" content=\"Arvioitu lukuaika\" \/>\n\t<meta name=\"twitter:data2\" content=\"2 minuuttia\" \/>\n<script type=\"application\/ld+json\" class=\"yoast-schema-graph\">{\"@context\":\"https:\\\/\\\/schema.org\",\"@graph\":[{\"@type\":\"Article\",\"@id\":\"https:\\\/\\\/www.turunua.net\\\/site\\\/toni-vilander-valittu-akk-motorsport-ryn-uudeksi-puheenjohtajaksi\\\/#article\",\"isPartOf\":{\"@id\":\"https:\\\/\\\/www.turunua.net\\\/site\\\/toni-vilander-valittu-akk-motorsport-ryn-uudeksi-puheenjohtajaksi\\\/\"},\"author\":{\"name\":\"Mika Hurula\",\"@id\":\"https:\\\/\\\/www.turunua.net\\\/site\\\/#\\\/schema\\\/person\\\/95f75bf9342ba981328f2188fe81c22c\"},\"headline\":\"Toni Vilander valittu AKK-Motorsport ry:n uudeksi puheenjohtajaksi\",\"datePublished\":\"2025-10-26T13:15:00+00:00\",\"dateModified\":\"2025-10-26T13:29:57+00:00\",\"mainEntityOfPage\":{\"@id\":\"https:\\\/\\\/www.turunua.net\\\/site\\\/toni-vilander-valittu-akk-motorsport-ryn-uudeksi-puheenjohtajaksi\\\/\"},\"wordCount\":234,\"image\":{\"@id\":\"https:\\\/\\\/www.turunua.net\\\/site\\\/toni-vilander-valittu-akk-motorsport-ryn-uudeksi-puheenjohtajaksi\\\/#primaryimage\"},\"thumbnailUrl\":\"https:\\\/\\\/www.turunua.net\\\/site\\\/wp-content\\\/uploads\\\/2025\\\/10\\\/toni_vilander.jpeg\",\"articleSection\":[\"Uutiset\"],\"inLanguage\":\"fi\"},{\"@type\":\"WebPage\",\"@id\":\"https:\\\/\\\/www.turunua.net\\\/site\\\/toni-vilander-valittu-akk-motorsport-ryn-uudeksi-puheenjohtajaksi\\\/\",\"url\":\"https:\\\/\\\/www.turunua.net\\\/site\\\/toni-vilander-valittu-akk-motorsport-ryn-uudeksi-puheenjohtajaksi\\\/\",\"name\":\"Toni Vilander valittu AKK-Motorsport ry:n uudeksi puheenjohtajaksi - Turun Urheiluautoilijat ry\",\"isPartOf\":{\"@id\":\"https:\\\/\\\/www.turunua.net\\\/site\\\/#website\"},\"primaryImageOfPage\":{\"@id\":\"https:\\\/\\\/www.turunua.net\\\/site\\\/toni-vilander-valittu-akk-motorsport-ryn-uudeksi-puheenjohtajaksi\\\/#primaryimage\"},\"image\":{\"@id\":\"https:\\\/\\\/www.turunua.net\\\/site\\\/toni-vilander-valittu-akk-motorsport-ryn-uudeksi-puheenjohtajaksi\\\/#primaryimage\"},\"thumbnailUrl\":\"https:\\\/\\\/www.turunua.net\\\/site\\\/wp-content\\\/uploads\\\/2025\\\/10\\\/toni_vilander.jpeg\",\"datePublished\":\"2025-10-26T13:15:00+00:00\",\"dateModified\":\"2025-10-26T13:29:57+00:00\",\"author\":{\"@id\":\"https:\\\/\\\/www.turunua.net\\\/site\\\/#\\\/schema\\\/person\\\/95f75bf9342ba981328f2188fe81c22c\"},\"breadcrumb\":{\"@id\":\"https:\\\/\\\/www.turunua.net\\\/site\\\/toni-vilander-valittu-akk-motorsport-ryn-uudeksi-puheenjohtajaksi\\\/#breadcrumb\"},\"inLanguage\":\"fi\",\"potentialAction\":[{\"@type\":\"ReadAction\",\"target\":[\"https:\\\/\\\/www.turunua.net\\\/site\\\/toni-vilander-valittu-akk-motorsport-ryn-uudeksi-puheenjohtajaksi\\\/\"]}]},{\"@type\":\"ImageObject\",\"inLanguage\":\"fi\",\"@id\":\"https:\\\/\\\/www.turunua.net\\\/site\\\/toni-vilander-valittu-akk-motorsport-ryn-uudeksi-puheenjohtajaksi\\\/#primaryimage\",\"url\":\"https:\\\/\\\/www.turunua.net\\\/site\\\/wp-content\\\/uploads\\\/2025\\\/10\\\/toni_vilander.jpeg\",\"contentUrl\":\"https:\\\/\\\/www.turunua.net\\\/site\\\/wp-content\\\/uploads\\\/2025\\\/10\\\/toni_vilander.jpeg\",\"width\":250,\"height\":333},{\"@type\":\"BreadcrumbList\",\"@id\":\"https:\\\/\\\/www.turunua.net\\\/site\\\/toni-vilander-valittu-akk-motorsport-ryn-uudeksi-puheenjohtajaksi\\\/#breadcrumb\",\"itemListElement\":[{\"@type\":\"ListItem\",\"position\":1,\"name\":\"Etusivu\",\"item\":\"https:\\\/\\\/www.turunua.net\\\/site\\\/\"},{\"@type\":\"ListItem\",\"position\":2,\"name\":\"Toni Vilander valittu AKK-Motorsport ry:n uudeksi puheenjohtajaksi\"}]},{\"@type\":\"WebSite\",\"@id\":\"https:\\\/\\\/www.turunua.net\\\/site\\\/#website\",\"url\":\"https:\\\/\\\/www.turunua.net\\\/site\\\/\",\"name\":\"Turun Urheiluautoilijat ry\",\"description\":\"\",\"potentialAction\":[{\"@type\":\"SearchAction\",\"target\":{\"@type\":\"EntryPoint\",\"urlTemplate\":\"https:\\\/\\\/www.turunua.net\\\/site\\\/?s={search_term_string}\"},\"query-input\":{\"@type\":\"PropertyValueSpecification\",\"valueRequired\":true,\"valueName\":\"search_term_string\"}}],\"inLanguage\":\"fi\"},{\"@type\":\"Person\",\"@id\":\"https:\\\/\\\/www.turunua.net\\\/site\\\/#\\\/schema\\\/person\\\/95f75bf9342ba981328f2188fe81c22c\",\"name\":\"Mika Hurula\",\"image\":{\"@type\":\"ImageObject\",\"inLanguage\":\"fi\",\"@id\":\"https:\\\/\\\/secure.gravatar.com\\\/avatar\\\/9e7a859f1e0a66e678f49f741a7dc125c1b0b87cd16cb795f5f94118db7a17a7?s=96&d=mm&r=g\",\"url\":\"https:\\\/\\\/secure.gravatar.com\\\/avatar\\\/9e7a859f1e0a66e678f49f741a7dc125c1b0b87cd16cb795f5f94118db7a17a7?s=96&d=mm&r=g\",\"contentUrl\":\"https:\\\/\\\/secure.gravatar.com\\\/avatar\\\/9e7a859f1e0a66e678f49f741a7dc125c1b0b87cd16cb795f5f94118db7a17a7?s=96&d=mm&r=g\",\"caption\":\"Mika Hurula\"},\"url\":\"https:\\\/\\\/www.turunua.net\\\/site\\\/author\\\/mikah\\\/\"}]}<\/script>\n<!-- \/ Yoast SEO plugin. -->","yoast_head_json":{"title":"Toni Vilander valittu AKK-Motorsport ry:n uudeksi puheenjohtajaksi - Turun Urheiluautoilijat ry","robots":{"index":"index","follow":"follow","max-snippet":"max-snippet:-1","max-image-preview":"max-image-preview:large","max-video-preview":"max-video-preview:-1"},"canonical":"https:\/\/www.turunua.net\/site\/toni-vilander-valittu-akk-motorsport-ryn-uudeksi-puheenjohtajaksi\/","og_locale":"fi_FI","og_type":"article","og_title":"Toni Vilander valittu AKK-Motorsport ry:n uudeksi puheenjohtajaksi - Turun Urheiluautoilijat ry","og_description":"AKK-Motorsport ry:n liittokokous on valinnut&nbsp;Toni Vilanderin&nbsp;liiton uudeksi puheenjohtajaksi kaudelle 2026\u20132027. Valinta tehtiin sunnuntaina 26.10.2025 Jyv\u00e4skyl\u00e4ss\u00e4 j\u00e4rjestetyss\u00e4 liittokokouksessa. Vilander tuo teht\u00e4v\u00e4\u00e4n laajan kokemuksen kansainv\u00e4lisest\u00e4 autourheilusta, vahvan lajitaustan ja modernin n\u00e4kemyksen suomalaisen\u00a0autourheilun kehitt\u00e4misest\u00e4. H\u00e4n on kotoisin\u00a0Kankaanp\u00e4\u00e4st\u00e4, syntynyt vuonna 1980 ja ty\u00f6skentelee t\u00e4ll\u00e4 &hellip; Lue loppuun &rarr;","og_url":"https:\/\/www.turunua.net\/site\/toni-vilander-valittu-akk-motorsport-ryn-uudeksi-puheenjohtajaksi\/","og_site_name":"Turun Urheiluautoilijat ry","article_published_time":"2025-10-26T13:15:00+00:00","article_modified_time":"2025-10-26T13:29:57+00:00","og_image":[{"width":250,"height":333,"url":"https:\/\/www.turunua.net\/site\/wp-content\/uploads\/2025\/10\/toni_vilander.jpeg","type":"image\/jpeg"}],"author":"Mika Hurula","twitter_card":"summary_large_image","twitter_misc":{"Kirjoittanut":"Mika Hurula","Arvioitu lukuaika":"2 minuuttia"},"schema":{"@context":"https:\/\/schema.org","@graph":[{"@type":"Article","@id":"https:\/\/www.turunua.net\/site\/toni-vilander-valittu-akk-motorsport-ryn-uudeksi-puheenjohtajaksi\/#article","isPartOf":{"@id":"https:\/\/www.turunua.net\/site\/toni-vilander-valittu-akk-motorsport-ryn-uudeksi-puheenjohtajaksi\/"},"author":{"name":"Mika Hurula","@id":"https:\/\/www.turunua.net\/site\/#\/schema\/person\/95f75bf9342ba981328f2188fe81c22c"},"headline":"Toni Vilander valittu AKK-Motorsport ry:n uudeksi puheenjohtajaksi","datePublished":"2025-10-26T13:15:00+00:00","dateModified":"2025-10-26T13:29:57+00:00","mainEntityOfPage":{"@id":"https:\/\/www.turunua.net\/site\/toni-vilander-valittu-akk-motorsport-ryn-uudeksi-puheenjohtajaksi\/"},"wordCount":234,"image":{"@id":"https:\/\/www.turunua.net\/site\/toni-vilander-valittu-akk-motorsport-ryn-uudeksi-puheenjohtajaksi\/#primaryimage"},"thumbnailUrl":"https:\/\/www.turunua.net\/site\/wp-content\/uploads\/2025\/10\/toni_vilander.jpeg","articleSection":["Uutiset"],"inLanguage":"fi"},{"@type":"WebPage","@id":"https:\/\/www.turunua.net\/site\/toni-vilander-valittu-akk-motorsport-ryn-uudeksi-puheenjohtajaksi\/","url":"https:\/\/www.turunua.net\/site\/toni-vilander-valittu-akk-motorsport-ryn-uudeksi-puheenjohtajaksi\/","name":"Toni Vilander valittu AKK-Motorsport ry:n uudeksi puheenjohtajaksi - Turun Urheiluautoilijat ry","isPartOf":{"@id":"https:\/\/www.turunua.net\/site\/#website"},"primaryImageOfPage":{"@id":"https:\/\/www.turunua.net\/site\/toni-vilander-valittu-akk-motorsport-ryn-uudeksi-puheenjohtajaksi\/#primaryimage"},"image":{"@id":"https:\/\/www.turunua.net\/site\/toni-vilander-valittu-akk-motorsport-ryn-uudeksi-puheenjohtajaksi\/#primaryimage"},"thumbnailUrl":"https:\/\/www.turunua.net\/site\/wp-content\/uploads\/2025\/10\/toni_vilander.jpeg","datePublished":"2025-10-26T13:15:00+00:00","dateModified":"2025-10-26T13:29:57+00:00","author":{"@id":"https:\/\/www.turunua.net\/site\/#\/schema\/person\/95f75bf9342ba981328f2188fe81c22c"},"breadcrumb":{"@id":"https:\/\/www.turunua.net\/site\/toni-vilander-valittu-akk-motorsport-ryn-uudeksi-puheenjohtajaksi\/#breadcrumb"},"inLanguage":"fi","potentialAction":[{"@type":"ReadAction","target":["https:\/\/www.turunua.net\/site\/toni-vilander-valittu-akk-motorsport-ryn-uudeksi-puheenjohtajaksi\/"]}]},{"@type":"ImageObject","inLanguage":"fi","@id":"https:\/\/www.turunua.net\/site\/toni-vilander-valittu-akk-motorsport-ryn-uudeksi-puheenjohtajaksi\/#primaryimage","url":"https:\/\/www.turunua.net\/site\/wp-content\/uploads\/2025\/10\/toni_vilander.jpeg","contentUrl":"https:\/\/www.turunua.net\/site\/wp-content\/uploads\/2025\/10\/toni_vilander.jpeg","width":250,"height":333},{"@type":"BreadcrumbList","@id":"https:\/\/www.turunua.net\/site\/toni-vilander-valittu-akk-motorsport-ryn-uudeksi-puheenjohtajaksi\/#breadcrumb","itemListElement":[{"@type":"ListItem","position":1,"name":"Etusivu","item":"https:\/\/www.turunua.net\/site\/"},{"@type":"ListItem","position":2,"name":"Toni Vilander valittu AKK-Motorsport ry:n uudeksi puheenjohtajaksi"}]},{"@type":"WebSite","@id":"https:\/\/www.turunua.net\/site\/#website","url":"https:\/\/www.turunua.net\/site\/","name":"Turun Urheiluautoilijat ry","description":"","potentialAction":[{"@type":"SearchAction","target":{"@type":"EntryPoint","urlTemplate":"https:\/\/www.turunua.net\/site\/?s={search_term_string}"},"query-input":{"@type":"PropertyValueSpecification","valueRequired":true,"valueName":"search_term_string"}}],"inLanguage":"fi"},{"@type":"Person","@id":"https:\/\/www.turunua.net\/site\/#\/schema\/person\/95f75bf9342ba981328f2188fe81c22c","name":"Mika Hurula","image":{"@type":"ImageObject","inLanguage":"fi","@id":"https:\/\/secure.gravatar.com\/avatar\/9e7a859f1e0a66e678f49f741a7dc125c1b0b87cd16cb795f5f94118db7a17a7?s=96&d=mm&r=g","url":"https:\/\/secure.gravatar.com\/avatar\/9e7a859f1e0a66e678f49f741a7dc125c1b0b87cd16cb795f5f94118db7a17a7?s=96&d=mm&r=g","contentUrl":"https:\/\/secure.gravatar.com\/avatar\/9e7a859f1e0a66e678f49f741a7dc125c1b0b87cd16cb795f5f94118db7a17a7?s=96&d=mm&r=g","caption":"Mika Hurula"},"url":"https:\/\/www.turunua.net\/site\/author\/mikah\/"}]}},"_links":{"self":[{"href":"https:\/\/www.turunua.net\/site\/wp-json\/wp\/v2\/posts\/1851","targetHints":{"allow":["GET"]}}],"collection":[{"href":"https:\/\/www.turunua.net\/site\/wp-json\/wp\/v2\/posts"}],"about":[{"href":"https:\/\/www.turunua.net\/site\/wp-json\/wp\/v2\/types\/post"}],"author":[{"embeddable":true,"href":"https:\/\/www.turunua.net\/site\/wp-json\/wp\/v2\/users\/2"}],"replies":[{"embeddable":true,"href":"https:\/\/www.turunua.net\/site\/wp-json\/wp\/v2\/comments?post=1851"}],"version-history":[{"count":3,"href":"https:\/\/www.turunua.net\/site\/wp-json\/wp\/v2\/posts\/1851\/revisions"}],"predecessor-version":[{"id":1858,"href":"https:\/\/www.turunua.net\/site\/wp-json\/wp\/v2\/posts\/1851\/revisions\/1858"}],"wp:featuredmedia":[{"embeddable":true,"href":"https:\/\/www.turunua.net\/site\/wp-json\/wp\/v2\/media\/1853"}],"wp:attachment":[{"href":"https:\/\/www.turunua.net\/site\/wp-json\/wp\/v2\/media?parent=1851"}],"wp:term":[{"taxonomy":"category","embeddable":true,"href":"https:\/\/www.turunua.net\/site\/wp-json\/wp\/v2\/categories?post=1851"},{"taxonomy":"post_tag","embeddable":true,"href":"https:\/\/www.turunua.net\/site\/wp-json\/wp\/v2\/tags?post=1851"}],"curies":[{"name":"wp","href":"https:\/\/api.w.org\/{rel}","templated":true}]}}